{"id":1052,"date":"2012-12-18T07:55:43","date_gmt":"2012-12-18T07:55:43","guid":{"rendered":"http:\/\/turismocaravaca.wordpress.com\/?p=1052"},"modified":"2017-09-04T16:41:21","modified_gmt":"2017-09-04T16:41:21","slug":"cueva-negra-la-pelicula","status":"publish","type":"post","link":"https:\/\/www.turismocaravaca.com\/blog\/cueva-negra-la-pelicula\/","title":{"rendered":"CUEVA NEGRA, LA PEL\u00cdCULA"},"content":{"rendered":"<p style=\"text-align:justify;\">Queridos amigos, este mi\u00e9rcoles <span style=\"text-decoration:underline;\">19 de diciembre<\/span> se proyectar\u00e1 en el <span style=\"text-decoration:underline;\">Teatro Thuiller <\/span>de <span style=\"text-decoration:underline;\">Caravaca de la Cruz<\/span> el documental <strong>\u201c<i>La<\/i> <i>Cueva Negra<\/i><\/strong><b><i><strong>\u201d<\/strong>.<\/i><\/b><\/p>\n<p style=\"text-align:justify;\">Este audiovisual, realizado mediante animaci\u00f3n digital, nos transporta a la Caravaca de hace casi un mill\u00f3n de a\u00f1os. En concreto, al <strong>Estrecho del r\u00edo Qu\u00edpar<\/strong>, en la pedan\u00eda de <strong>La Encarnaci\u00f3n<\/strong>, donde se ubica el yacimiento paleontol\u00f3gico de La Cueva Negra, cuyos descubrimientos han servido de base cient\u00edfica para el desarrollo de esta obra.<\/p>\n<p style=\"text-align:justify;\">La duraci\u00f3n es de 30 minutos, en los cuales podemos conocer c\u00f3mo era el h\u00e1bitat de la zona, en el que destacaba la presencia de grandes lagos y especies de fauna ya extinguidas, tambi\u00e9n describe c\u00f3mo era la forma de vida de los preneandertales en aquella \u00e9poca.<\/p>\n<p style=\"text-align:center;\"><a href=\"http:\/\/turismocaravaca.wordpress.com\/2012\/12\/18\/cueva-negra-la-pelicula\/copia-de-cuevanegra\/\" rel=\"attachment wp-att-1053\">\u00a0\u00a0\u00a0\u00a0\u00a0\u00a0\u00a0\u00a0\u00a0\u00a0\u00a0\u00a0\u00a0\u00a0\u00a0\u00a0\u00a0\u00a0\u00a0\u00a0\u00a0\u00a0\u00a0\u00a0\u00a0\u00a0\u00a0\u00a0\u00a0 <\/a><a href=\"http:\/\/turismocaravaca.wordpress.com\/2012\/12\/18\/cueva-negra-la-pelicula\/copia-de-cuevanegra\/\" rel=\"attachment wp-att-1053\"><img loading=\"lazy\" decoding=\"async\" class=\"aligncenter  wp-image-1053\" alt=\"Copia de cuevanegra\" src=\"http:\/\/localhost:81\/turismo\/blog\/wp-content\/uploads\/2012\/12\/copia-de-cuevanegra.jpg?w=723\" width=\"586\" height=\"830\" srcset=\"https:\/\/www.turismocaravaca.com\/blog\/wp-content\/uploads\/2012\/12\/copia-de-cuevanegra.jpg 1508w, https:\/\/www.turismocaravaca.com\/blog\/wp-content\/uploads\/2012\/12\/copia-de-cuevanegra-212x300.jpg 212w, https:\/\/www.turismocaravaca.com\/blog\/wp-content\/uploads\/2012\/12\/copia-de-cuevanegra-724x1024.jpg 724w\" sizes=\"(max-width: 586px) 100vw, 586px\" \/><\/a><\/p>\n<p style=\"text-align:justify;\">La Cueva Negra es un <strong>yacimiento arqueol\u00f3gico<\/strong>\u00a0 del <strong>Paleol\u00edtico Europeo<\/strong>, tiene entre 990.000 y 780.000 a\u00f1os de antig\u00fcedad y en \u00e9l se han encontrado los <em>restos de fuego\u00a0 y el hacha de mano<\/em> <em>m\u00e1s antiguos de Europa<\/em>.<\/p>\n<p style=\"text-align:justify;\">El documental dramatizado se complementa con otros dos audiovisuales que aportan informaci\u00f3n adicional sobre el trabajo cient\u00edfico y un tercero que explica el proceso de producci\u00f3n del proyecto.<\/p>\n<p style=\"text-align:justify;\">La Cueva Negra, forma parte de la serie de documentales hist\u00f3ricos animados de la <strong>Fundaci\u00f3n Integra<\/strong>, elaborados en el marco del proyecto europeo\u00a0 <strong>ESTRATEGIA EUROPA 2020<\/strong>, que \u00a0entre otros, tiene como objetivo prioritario la <span style=\"text-decoration:underline;\">recuperaci\u00f3n, digitalizaci\u00f3n y difusi\u00f3n del Patrimonio Cultural en Europa.<\/span><\/p>\n<p style=\"text-align:justify;\">La pel\u00edcula \u00a0<b>LA CUEVA NEGRA<\/b> ha podido verse en el <strong>Museo Arqueol\u00f3gico de Murcia<\/strong>, formando parte de la exposici\u00f3n ya clausurada<i>,\u00a0Novedades Arqueol\u00f3gicas de la Regi\u00f3n de Murcia<\/i>. En octubre se proyect\u00f3\u00a0 en la <strong>Filmoteca Regional \u00a0de Murcia \u201cFrancisco Rabal\u201d<\/strong>.<\/p>\n<p style=\"text-align:justify;\">Y este mi\u00e9rcoles <b>19<\/b> de <b>diciembre<\/b> podremos disfrutar de ella en el <strong>Teatro Thuiller<\/strong> de <strong>Caravaca de la Cruz<\/strong>, ciudad donde se ubica el yacimiento que da nombre a la pel\u00edcula.<\/p>\n<p style=\"text-align:justify;\">Aqu\u00ed podemos ver un adelanto: <span style=\"color:#0000ff;\"><a href=\"http:\/\/www.youtube.com\/watch?v=rNImRHSxJ7Q\" target=\"_blank\" rel=\"nofollow nofollow\"><span style=\"color:#0000ff;\">http:\/\/www.youtube.com\/watch?v=rNImRHSxJ7Q<\/span><\/a><\/span><\/p>\n<p style=\"text-align:justify;\">\u00a1No os la perd\u00e1is, nuestros antepasados nos esperan!<\/p>\n<p style=\"text-align:justify;\">\n","protected":false},"excerpt":{"rendered":"<p>Queridos amigos, este mi\u00e9rcoles 19 de diciembre se proyectar\u00e1 en el Teatro Thuiller de Caravaca de la Cruz el documental \u201cLa Cueva Negra\u201d. Este audiovisual, realizado mediante animaci\u00f3n digital, nos transporta a la Caravaca de hace casi un mill\u00f3n de a\u00f1os. En concreto, al Estrecho del r\u00edo Qu\u00edpar, en la pedan\u00eda de La Encarnaci\u00f3n, donde [&hellip;]<\/p>\n","protected":false},"author":2,"featured_media":0,"comment_status":"open","ping_status":"open","sticky":false,"template":"","format":"standard","meta":{"footnotes":""},"categories":[3,2126],"tags":[193,291,356,364,475,624,625,718,1064,1442,1511,1538,1918,1993,1999,2100],"class_list":["post-1052","post","type-post","status-publish","format-standard","hentry","category-actividades","category-espanol","tag-arqueologia","tag-blog-de-turismo","tag-caravaca","tag-caravaca-de-la-cruz","tag-cine","tag-cueva","tag-cueva-negra","tag-documental","tag-historia","tag-naturaleza","tag-paleolitico","tag-patrimonio-cultural","tag-teatro-thuillier","tag-turismo-en-caravaca","tag-turismo-en-murcia","tag-yacimiento-arqueologico"],"_links":{"self":[{"href":"https:\/\/www.turismocaravaca.com\/blog\/wp-json\/wp\/v2\/posts\/1052"}],"collection":[{"href":"https:\/\/www.turismocaravaca.com\/blog\/wp-json\/wp\/v2\/posts"}],"about":[{"href":"https:\/\/www.turismocaravaca.com\/blog\/wp-json\/wp\/v2\/types\/post"}],"author":[{"embeddable":true,"href":"https:\/\/www.turismocaravaca.com\/blog\/wp-json\/wp\/v2\/users\/2"}],"replies":[{"embeddable":true,"href":"https:\/\/www.turismocaravaca.com\/blog\/wp-json\/wp\/v2\/comments?post=1052"}],"version-history":[{"count":1,"href":"https:\/\/www.turismocaravaca.com\/blog\/wp-json\/wp\/v2\/posts\/1052\/revisions"}],"predecessor-version":[{"id":6318,"href":"https:\/\/www.turismocaravaca.com\/blog\/wp-json\/wp\/v2\/posts\/1052\/revisions\/6318"}],"wp:attachment":[{"href":"https:\/\/www.turismocaravaca.com\/blog\/wp-json\/wp\/v2\/media?parent=1052"}],"wp:term":[{"taxonomy":"category","embeddable":true,"href":"https:\/\/www.turismocaravaca.com\/blog\/wp-json\/wp\/v2\/categories?post=1052"},{"taxonomy":"post_tag","embeddable":true,"href":"https:\/\/www.turismocaravaca.com\/blog\/wp-json\/wp\/v2\/tags?post=1052"}],"curies":[{"name":"wp","href":"https:\/\/api.w.org\/{rel}","templated":true}]}}