{"id":1150,"date":"2013-01-15T13:53:59","date_gmt":"2013-01-15T13:53:59","guid":{"rendered":"http:\/\/turismocaravaca.wordpress.com\/?p=1150"},"modified":"2017-09-04T16:41:21","modified_gmt":"2017-09-04T16:41:21","slug":"un-paseo-por-la-glorieta-iglesia-monasterio-de-nuestra-senora-del-carmen","status":"publish","type":"post","link":"https:\/\/www.turismocaravaca.com\/blog\/un-paseo-por-la-glorieta-iglesia-monasterio-de-nuestra-senora-del-carmen\/","title":{"rendered":"UN PASEO POR LA GLORIETA. IGLESIA &#8211; MONASTERIO DE NUESTRA SE\u00d1ORA DEL CARMEN"},"content":{"rendered":"<p style=\"text-align:justify;\">Como ya dij\u00e9ramos en anteriores ocasiones, <em>la Glorieta<\/em> caravaque\u00f1a recoge en pocos metros edificios muy emblem\u00e1ticos. Esta vez nos centraremos en <strong>La Iglesia &#8211; Monasterio del Carmen<\/strong>, situada en la mitad del paseo.<\/p>\n<p style=\"text-align:center;\"><a href=\"http:\/\/localhost:81\/turismo\/blog\/wp-content\/uploads\/2013\/01\/39358_res_3001.jpg\"><img loading=\"lazy\" decoding=\"async\" class=\"aligncenter\" id=\"i-1156\" alt=\"Image\" src=\"http:\/\/localhost:81\/turismo\/blog\/wp-content\/uploads\/2013\/01\/39358_res_3001.jpg?w=290\" width=\"316\" height=\"240\" \/><\/a><\/p>\n<p style=\"text-align:justify;\">La fundaci\u00f3n del Monasterio de Frailes Carmelitas Descalzos tuvo lugar en el s.XVI, con la intervenci\u00f3n directa del propio <strong>San Juan de la Cruz<\/strong>, quien visit\u00f3 la ciudad en siete ocasiones por motivos relacionados con la Orden Carmelitana; vivi\u00e9ndo \u00e9ste en una <em>casita<\/em>, que a\u00fan hoy se conserva, situada precisamente en las inmediaciones de La Glorieta, muy cerca de la Parroquia\u00a0 de la Pur\u00edsima Concepci\u00f3n, al pie de la <em>Cuesta de la Cruz<\/em>.<\/p>\n<p style=\"text-align:center;\"><a href=\"http:\/\/localhost:81\/turismo\/blog\/wp-content\/uploads\/2013\/01\/fachada-de-la-iglesia4-mayo-305-peq.jpg\"><img loading=\"lazy\" decoding=\"async\" id=\"i-1174\" alt=\"Image\" src=\"http:\/\/localhost:81\/turismo\/blog\/wp-content\/uploads\/2013\/01\/fachada-de-la-iglesia4-mayo-305-peq.jpg?w=710\" width=\"358\" height=\"531\" \/><\/a><\/p>\n<p style=\"text-align:justify;\">Debe apuntarse que dicha fundaci\u00f3n fue promovida por las Madres Carmelitas Descalzas, presentes ya en Caravaca gracias a <em>Santa Teresa de Jes\u00fas<\/em>. Fue \u00e9sta la que envi\u00f3 a Caravaca a San Juan de la Cruz.<\/p>\n<p style=\"text-align:justify;\">Las obras de la Iglesia &#8211; Monasterio fueron posibles gracias a las donaciones de la <em>Orden de Santiago<\/em> y sobre todo, a la especial ayuda de un <em>matrimonio de nobles caravaque\u00f1os,<\/em> cuyos <strong>escudos<\/strong> <strong>de armas<\/strong> aparecen en la fachada principal a ambos lados de la <em>Virgen del Carmen<\/em>. Se apunta como autor a un\u00a0 arquitecto perteneciente a la Orden.<\/p>\n<p style=\"text-align:center;\"><a href=\"http:\/\/localhost:81\/turismo\/blog\/wp-content\/uploads\/2013\/01\/detalle-fachada-iglesia-del-carmen-peq.jpg\"><img loading=\"lazy\" decoding=\"async\" class=\" wp-image aligncenter\" id=\"i-1159\" alt=\"Image\" src=\"http:\/\/localhost:81\/turismo\/blog\/wp-content\/uploads\/2013\/01\/detalle-fachada-iglesia-del-carmen-peq.jpg?w=710\" width=\"467\" height=\"317\" \/><\/a><\/p>\n<p style=\"text-align:justify;\">Los Padres Carmelitas Descalzos llevaron a cabo una fruct\u00edfera labor durante todo el s. XX, como la fundaci\u00f3n del <em>Colegio Ni\u00f1o Jes\u00fas de Praga<\/em> o la creaci\u00f3n del <em>Premio Albacara<\/em>, entre otros.<\/p>\n<p style=\"text-align:justify;\">El edificio, considerado <i>Bien de Inter\u00e9s Cultural <\/i>con categor\u00eda de <em>Conjunto Hist\u00f3rico<\/em><i>,<\/i> es barroco del s. XVII, sobrio y sencillo.<\/p>\n<p style=\"text-align:center;\"><a href=\"http:\/\/localhost:81\/turismo\/blog\/wp-content\/uploads\/2013\/01\/interior-de-la-iglesia-4-mayo-308-peq.jpg\"><img loading=\"lazy\" decoding=\"async\" class=\" wp-image aligncenter\" id=\"i-1168\" alt=\"Image\" src=\"http:\/\/localhost:81\/turismo\/blog\/wp-content\/uploads\/2013\/01\/interior-de-la-iglesia-4-mayo-308-peq.jpg?w=710\" width=\"477\" height=\"325\" \/><\/a><\/p>\n<p style=\"text-align:justify;\">El conjunto monacal responde a las caracter\u00edsticas propias de la <em>Orden de los Carmelitas Descalzos<\/em> (austeridad, elegancia y funcionalidad). Est\u00e1 formado por: i<span style=\"text-decoration:underline;\">glesia, convento, la inacabada Capilla de Santa Teresa y el huerto<\/span>. La Iglesia, tanto en la planta (de cruz latina) como en el alzado (pilastras de orden toscano), tambi\u00e9n se corresponden con el estilo carmelitano.<\/p>\n<p style=\"text-align:justify;\">Recientemente, Monasterio e Iglesia han sido profundamente restaurados, creando a su vez, una <strong>Hospeder\u00eda<\/strong> integrada en el conjunto, en la que los turistas que se acerquen a Caravaca de la Cruz pueden alojarse.<\/p>\n<p><a href=\"http:\/\/localhost:81\/turismo\/blog\/wp-content\/uploads\/2013\/01\/calustro-1.jpg\"><img loading=\"lazy\" decoding=\"async\" id=\"i-1162\" alt=\"Image\" src=\"http:\/\/localhost:81\/turismo\/blog\/wp-content\/uploads\/2013\/01\/calustro-1.jpg?w=710\" width=\"481\" height=\"365\" \/><\/a><\/p>\n<p style=\"text-align:justify;\">La presencia de la <em>Orden del Carmen<\/em> en Caravaca es un reflejo de la importancia que el <i>Lignum Crucis<\/i> representa para \u00e9sta y otras muchas \u00f3rdenes religiosas que se han asentado en la ciudad a lo largo de la historia.<\/p>\n<p style=\"text-align:justify;\">Como pod\u00e9is comprobar el Paseo de <em>La Glorieta<\/em> es un lugar muy especial e importante para <strong>Caravaca de la Cruz. <\/strong>Es por ello, que los turistas y visitantes que lleguen a la ciudad deber\u00edan acercarse hasta \u00e9l y disfrutar de todo lo que \u00e9ste les puede ofrecer.<\/p>\n<p style=\"text-align:justify;\">\n","protected":false},"excerpt":{"rendered":"<p>Como ya dij\u00e9ramos en anteriores ocasiones, la Glorieta caravaque\u00f1a recoge en pocos metros edificios muy emblem\u00e1ticos. Esta vez nos centraremos en La Iglesia &#8211; Monasterio del Carmen, situada en la mitad del paseo. La fundaci\u00f3n del Monasterio de Frailes Carmelitas Descalzos tuvo lugar en el s.XVI, con la intervenci\u00f3n directa del propio San Juan de [&hellip;]<\/p>\n","protected":false},"author":2,"featured_media":0,"comment_status":"open","ping_status":"open","sticky":false,"template":"","format":"standard","meta":{"footnotes":""},"categories":[2126,21,22],"tags":[291,356,364,397,573,753,760,761,1075,1093,1361,1369,1394,1471,1504,1531,1805,1816,1982,1987,1993,1999,2006,2050],"class_list":["post-1150","post","type-post","status-publish","format-standard","hentry","category-espanol","category-iglesias","category-lugares-de-interes","tag-blog-de-turismo","tag-caravaca","tag-caravaca-de-la-cruz","tag-carmeliltas-descalzos","tag-convento","tag-edifcio-religioso","tag-el-carmelo","tag-el-carmen","tag-hospederia","tag-iglesia","tag-monasterio","tag-monumento","tag-murcia","tag-nuestra-senora-del-carmen","tag-padres-carmelitas-descalzos","tag-paseo","tag-san-juan-de-la-cruz","tag-santa-teresa-de-jesus","tag-turismo","tag-turismo-cultural","tag-turismo-en-caravaca","tag-turismo-en-murcia","tag-turismo-religioso","tag-virgen-del-carmen"],"_links":{"self":[{"href":"https:\/\/www.turismocaravaca.com\/blog\/wp-json\/wp\/v2\/posts\/1150"}],"collection":[{"href":"https:\/\/www.turismocaravaca.com\/blog\/wp-json\/wp\/v2\/posts"}],"about":[{"href":"https:\/\/www.turismocaravaca.com\/blog\/wp-json\/wp\/v2\/types\/post"}],"author":[{"embeddable":true,"href":"https:\/\/www.turismocaravaca.com\/blog\/wp-json\/wp\/v2\/users\/2"}],"replies":[{"embeddable":true,"href":"https:\/\/www.turismocaravaca.com\/blog\/wp-json\/wp\/v2\/comments?post=1150"}],"version-history":[{"count":1,"href":"https:\/\/www.turismocaravaca.com\/blog\/wp-json\/wp\/v2\/posts\/1150\/revisions"}],"predecessor-version":[{"id":6313,"href":"https:\/\/www.turismocaravaca.com\/blog\/wp-json\/wp\/v2\/posts\/1150\/revisions\/6313"}],"wp:attachment":[{"href":"https:\/\/www.turismocaravaca.com\/blog\/wp-json\/wp\/v2\/media?parent=1150"}],"wp:term":[{"taxonomy":"category","embeddable":true,"href":"https:\/\/www.turismocaravaca.com\/blog\/wp-json\/wp\/v2\/categories?post=1150"},{"taxonomy":"post_tag","embeddable":true,"href":"https:\/\/www.turismocaravaca.com\/blog\/wp-json\/wp\/v2\/tags?post=1150"}],"curies":[{"name":"wp","href":"https:\/\/api.w.org\/{rel}","templated":true}]}}