{"id":1202,"date":"2013-01-17T09:54:22","date_gmt":"2013-01-17T09:54:22","guid":{"rendered":"http:\/\/turismocaravaca.wordpress.com\/?p=1202"},"modified":"2017-09-04T16:41:21","modified_gmt":"2017-09-04T16:41:21","slug":"i-mercado-del-peregrino-del-ano-2013-el-mercado-del-embutido","status":"publish","type":"post","link":"https:\/\/www.turismocaravaca.com\/blog\/i-mercado-del-peregrino-del-ano-2013-el-mercado-del-embutido\/","title":{"rendered":"I MERCADO DEL PEREGRINO DEL A\u00d1O 2013. EL MERCADO DEL EMBUTIDO"},"content":{"rendered":"<p style=\"text-align:justify;\">El pr\u00f3ximo domingo, <strong>20 de enero<\/strong>, tendr\u00e1 lugar en Caravaca de la Cruz, el primer <strong>Mercado del Peregrino<\/strong> del a\u00f1o 2013. Esta edici\u00f3n girar\u00e1 entorno al <strong>embutido<\/strong>, muy apropiado para coger energ\u00edas en estos d\u00edas de invierno.<\/p>\n<p style=\"text-align:justify;\"><a href=\"http:\/\/localhost:81\/turismo\/blog\/wp-content\/uploads\/2013\/01\/mercado.jpg\"><img loading=\"lazy\" decoding=\"async\" class=\" wp-image aligncenter\" id=\"i-1209\" alt=\"Image\" src=\"http:\/\/localhost:81\/turismo\/blog\/wp-content\/uploads\/2013\/01\/mercado.jpg?w=710\" width=\"568\" height=\"379\" \/><\/a>Las personas que acudan al Mercado ser\u00e1n espectadoras de la <strong>elaboraci\u00f3n<\/strong> <strong>de estos embutidos, tal y como se hac\u00eda antiguamente<\/strong>. Adem\u00e1s, artesanos\u00a0 y comerciantes nos ofrecer\u00e1n una <strong>amplia gama de sus mejores productos<\/strong> (<i>artesan\u00eda, moda, alimentos,decoraci\u00f3n, hogar, productos de segunda mano,\u2026<\/i>), creando de este modo un ambiente lleno colorido y variedad para nuestros sentidos.<\/p>\n<p style=\"text-align:justify;\">Como siempre los <b>ni\u00f1os<\/b> cuentan con una secci\u00f3n en el Mercado. En esta ocasi\u00f3n se divertir\u00e1n con el <strong>Taller de Arcilla<\/strong> y la <strong>Animaci\u00f3n teatralizada<\/strong>. Y de fondo escucharan una <strong>Actuaci\u00f3n Musical en directo<\/strong>.<\/p>\n<p style=\"text-align:justify;\"><a href=\"http:\/\/localhost:81\/turismo\/blog\/wp-content\/uploads\/2013\/01\/arcilla.jpg\"><img loading=\"lazy\" decoding=\"async\" class=\"aligncenter\" id=\"i-1217\" alt=\"Image\" src=\"http:\/\/localhost:81\/turismo\/blog\/wp-content\/uploads\/2013\/01\/arcilla.jpg?w=390\" width=\"431\" height=\"570\" \/><\/a>El<strong> lugar<\/strong> en el que se celebrar\u00e1 este singular evento ser\u00e1: <span style=\"text-decoration:underline;\">La Plaza<\/span><span style=\"text-decoration:underline;\"> del Arco<\/span> y <span style=\"text-decoration:underline;\">la Calle<\/span><span style=\"text-decoration:underline;\"> Mayor<\/span> de la ciudad. Con <strong>horario<\/strong> de <span style=\"text-decoration:underline;\">10 a<\/span><span style=\"text-decoration:underline;\"> 14:30 h.<\/span><\/p>\n<p style=\"text-align:justify;\">Quien lo desee, despu\u00e9s de haber disfrutado de todas estas actividades podr\u00e1 saborear el <strong><span style=\"text-decoration:underline;\">MEN\u00da DEL PEREGRINO<\/span><\/strong>, compuesto por:<\/p>\n<ul style=\"text-align:justify;\">\n<li>Entrantes (<i>Callos de Cerdo, Frutos Secos de la Zona y Queso Fresco con Pimientos<\/i>)<\/li>\n<li>Plato Individual (<strong><i>Migas<\/i><\/strong>)<\/li>\n<li>Postre individual (<i>Tarta de Queso Casera<\/i>).<\/li>\n<\/ul>\n<p style=\"text-align:justify;\">La Bodega que regar\u00e1 estos suculentos platos ser\u00e1: <i>Re\u00f1as D.O. Bullas<\/i> (blanco, rosado y tinto).<\/p>\n<p style=\"text-align:justify;\">Los <strong>restaurantes<\/strong> que ofertar\u00e1n el Men\u00fa ser\u00e1n: <i>\u201cEl Arco\u201d, \u201cPedro Mar\u00edn\u201d y \u201cRinc\u00f3n de Paco\u201d.<\/i><\/p>\n<p style=\"text-align:justify;\">Este domingo tienen una cita con la <strong>Artesan\u00eda<\/strong> en <strong>Caravaca de la Cruz.<\/strong><\/p>\n<p><a href=\"http:\/\/localhost:81\/turismo\/blog\/wp-content\/uploads\/2013\/01\/logo-mercado-peregrino.jpg\"><img decoding=\"async\" class=\"aligncenter\" id=\"i-1237\" alt=\"Image\" src=\"http:\/\/localhost:81\/turismo\/blog\/wp-content\/uploads\/2013\/01\/logo-mercado-peregrino.jpg?w=710\" \/><\/a><\/p>\n","protected":false},"excerpt":{"rendered":"<p>El pr\u00f3ximo domingo, 20 de enero, tendr\u00e1 lugar en Caravaca de la Cruz, el primer Mercado del Peregrino del a\u00f1o 2013. Esta edici\u00f3n girar\u00e1 entorno al embutido, muy apropiado para coger energ\u00edas en estos d\u00edas de invierno. Las personas que acudan al Mercado ser\u00e1n espectadoras de la elaboraci\u00f3n de estos embutidos, tal y como se [&hellip;]<\/p>\n","protected":false},"author":2,"featured_media":0,"comment_status":"open","ping_status":"open","sticky":false,"template":"","format":"standard","meta":{"footnotes":""},"categories":[5,2126,23],"tags":[173,190,205,208,291,356,364,517,724,794,1024,1309,1310,1315,1317,1322,1344,1394,1885,1982,1993,1999],"class_list":["post-1202","post","type-post","status-publish","format-standard","hentry","category-artesania","category-espanol","category-mercado-2","tag-animacion","tag-arcilla","tag-artesania","tag-artesano","tag-blog-de-turismo","tag-caravaca","tag-caravaca-de-la-cruz","tag-comerciante","tag-domingo","tag-embutido","tag-gastronomia","tag-menu","tag-menu-del-peregrino","tag-mercado","tag-mercado-artesanal","tag-mercado-del-peregrino","tag-migas","tag-murcia","tag-taller-de-arcilla","tag-turismo","tag-turismo-en-caravaca","tag-turismo-en-murcia"],"_links":{"self":[{"href":"https:\/\/www.turismocaravaca.com\/blog\/wp-json\/wp\/v2\/posts\/1202"}],"collection":[{"href":"https:\/\/www.turismocaravaca.com\/blog\/wp-json\/wp\/v2\/posts"}],"about":[{"href":"https:\/\/www.turismocaravaca.com\/blog\/wp-json\/wp\/v2\/types\/post"}],"author":[{"embeddable":true,"href":"https:\/\/www.turismocaravaca.com\/blog\/wp-json\/wp\/v2\/users\/2"}],"replies":[{"embeddable":true,"href":"https:\/\/www.turismocaravaca.com\/blog\/wp-json\/wp\/v2\/comments?post=1202"}],"version-history":[{"count":1,"href":"https:\/\/www.turismocaravaca.com\/blog\/wp-json\/wp\/v2\/posts\/1202\/revisions"}],"predecessor-version":[{"id":6312,"href":"https:\/\/www.turismocaravaca.com\/blog\/wp-json\/wp\/v2\/posts\/1202\/revisions\/6312"}],"wp:attachment":[{"href":"https:\/\/www.turismocaravaca.com\/blog\/wp-json\/wp\/v2\/media?parent=1202"}],"wp:term":[{"taxonomy":"category","embeddable":true,"href":"https:\/\/www.turismocaravaca.com\/blog\/wp-json\/wp\/v2\/categories?post=1202"},{"taxonomy":"post_tag","embeddable":true,"href":"https:\/\/www.turismocaravaca.com\/blog\/wp-json\/wp\/v2\/tags?post=1202"}],"curies":[{"name":"wp","href":"https:\/\/api.w.org\/{rel}","templated":true}]}}