{"id":1805,"date":"2013-02-26T09:57:28","date_gmt":"2013-02-26T09:57:28","guid":{"rendered":"http:\/\/turismocaravaca.wordpress.com\/?p=1805"},"modified":"2017-09-04T16:41:19","modified_gmt":"2017-09-04T16:41:19","slug":"exposicion-fotografica-dedicada-a-las-fiestas-en-honor-a-la-santisima-y-vera-cruz-de-caravaca","status":"publish","type":"post","link":"https:\/\/www.turismocaravaca.com\/blog\/exposicion-fotografica-dedicada-a-las-fiestas-en-honor-a-la-santisima-y-vera-cruz-de-caravaca\/","title":{"rendered":"I EXPOSICI\u00d3N FOTOGR\u00c1FICA DEDICADA A LAS FIESTAS EN HONOR A LA SANT\u00cdSIMA Y VERA CRUZ  DE CARAVACA"},"content":{"rendered":"<p style=\"text-align:justify;\">Me complace haceros saber que durante estos d\u00edas se est\u00e1 celebrando en Caravaca de la Cruz una exposici\u00f3n cuya tem\u00e1tica os va a resultar interesant\u00edsima y su finalidad a\u00fan m\u00e1s.<\/p>\n<p style=\"text-align:justify;\">Se trata de una <strong>exposici\u00f3n fotofestera<\/strong>, o lo que es lo mismo, una<a href=\"http:\/\/localhost:81\/turismo\/blog\/wp-content\/uploads\/2013\/02\/exposicion-pequec3b1as-395.jpg\"><img loading=\"lazy\" decoding=\"async\" class=\"alignright size-medium wp-image-1833\" alt=\"Exposicion Peque\u00f1as (395)\" src=\"http:\/\/localhost:81\/turismo\/blog\/wp-content\/uploads\/2013\/02\/exposicion-pequec3b1as-395.jpg?w=300\" width=\"300\" height=\"296\" srcset=\"https:\/\/www.turismocaravaca.com\/blog\/wp-content\/uploads\/2013\/02\/exposicion-pequec3b1as-395.jpg 1024w, https:\/\/www.turismocaravaca.com\/blog\/wp-content\/uploads\/2013\/02\/exposicion-pequec3b1as-395-300x297.jpg 300w\" sizes=\"(max-width: 300px) 100vw, 300px\" \/><\/a> exposici\u00f3n <b>dedicada<\/b> a la fiesta, pero no a una fiesta cualquiera, sino a una que ha sido declarada de inter\u00e9s tur\u00edstico internacional por sus peculiares caracter\u00edsticas, entre otras,\u00a0 sus fundamentos hist\u00f3ricos y religiosos. No es otra que la fiesta, o mejor dicho, las <strong>Fiestas<\/strong>, ya que son muchos los actos que engloba, <strong>en honor a la Sant\u00edsima y Vera Cruz de Caravaca<\/strong>, sin la cual \u00e9stas no se entender\u00edan, puesto que la misma es su centro y origen.<\/p>\n<p style=\"text-align:justify;\">Como dicen, una imagen vale m\u00e1s que mil palabras, y en este caso contamos <a href=\"http:\/\/localhost:81\/turismo\/blog\/wp-content\/uploads\/2013\/02\/exposicion-pequec3b1as-98.jpg\"><img loading=\"lazy\" decoding=\"async\" class=\"alignleft size-medium wp-image-1831\" alt=\"Exposicion Peque\u00f1as (98)\" src=\"http:\/\/localhost:81\/turismo\/blog\/wp-content\/uploads\/2013\/02\/exposicion-pequec3b1as-98.jpg?w=300\" width=\"300\" height=\"222\" srcset=\"https:\/\/www.turismocaravaca.com\/blog\/wp-content\/uploads\/2013\/02\/exposicion-pequec3b1as-98.jpg 1024w, https:\/\/www.turismocaravaca.com\/blog\/wp-content\/uploads\/2013\/02\/exposicion-pequec3b1as-98-300x223.jpg 300w\" sizes=\"(max-width: 300px) 100vw, 300px\" \/><\/a>con m\u00e1s de <strong>500 im\u00e1genes<\/strong> <i>(145 de 40 x 60 cm y 400 de 20 x 30 cm)<\/i> dedicadas a esos d\u00edas tan especiales para esta ciudad. Por tanto, esta exposici\u00f3n es una oportunidad perfecta para adentrarse en ese mundo de <i>leyenda, colorido, ilusi\u00f3n, historia, pasi\u00f3n y devoci\u00f3n<\/i> que acontece a\u00f1o tras a\u00f1o<a href=\"http:\/\/localhost:81\/turismo\/blog\/wp-content\/uploads\/2013\/02\/exposicion-pequec3b1as-101.jpg\"><img loading=\"lazy\" decoding=\"async\" class=\"alignright size-medium wp-image-1834\" alt=\"Exposicion Peque\u00f1as (101)\" src=\"http:\/\/localhost:81\/turismo\/blog\/wp-content\/uploads\/2013\/02\/exposicion-pequec3b1as-101.jpg?w=300\" width=\"300\" height=\"200\" srcset=\"https:\/\/www.turismocaravaca.com\/blog\/wp-content\/uploads\/2013\/02\/exposicion-pequec3b1as-101.jpg 1024w, https:\/\/www.turismocaravaca.com\/blog\/wp-content\/uploads\/2013\/02\/exposicion-pequec3b1as-101-300x200.jpg 300w\" sizes=\"(max-width: 300px) 100vw, 300px\" \/><\/a> en Caravaca de la Cruz durante los primeros d\u00edas del mes de mayo. Adem\u00e1s, entre el repertorio de fotograf\u00edas se encuentran algunas dedicadas a las <b>pre-fiestas<\/b>, que\u00a0 han convertido al mes de abril en una gran antesala de las fiestas propiamente dichas.<\/p>\n<p style=\"text-align:justify;\">Como dec\u00edamos, si interesante es la tem\u00e1tica, a\u00fan lo es m\u00e1s la finalidad que <a href=\"http:\/\/localhost:81\/turismo\/blog\/wp-content\/uploads\/2013\/02\/exposicion-pequec3b1as-209.jpg\"><img loading=\"lazy\" decoding=\"async\" class=\"alignleft size-medium wp-image-1835\" alt=\"Exposicion Peque\u00f1as (209)\" src=\"http:\/\/localhost:81\/turismo\/blog\/wp-content\/uploads\/2013\/02\/exposicion-pequec3b1as-209.jpg?w=300\" width=\"300\" height=\"200\" srcset=\"https:\/\/www.turismocaravaca.com\/blog\/wp-content\/uploads\/2013\/02\/exposicion-pequec3b1as-209.jpg 1024w, https:\/\/www.turismocaravaca.com\/blog\/wp-content\/uploads\/2013\/02\/exposicion-pequec3b1as-209-300x200.jpg 300w\" sizes=\"(max-width: 300px) 100vw, 300px\" \/><\/a>esta actividad tiene. Y es que, la exposici\u00f3n es <strong>ben\u00e9fica<\/strong>, tiene como objetivo contribuir con <em><b>Asociaci\u00f3n Nacional de S\u00edndrome de Angelman <\/b><\/em>y<em><b> Apcom<\/b><\/em>. Las personas que quieran colaborar podr\u00e1n hacerlo comprando alguna de estas fant\u00e1sticas fotograf\u00edas realizadas por los colaboradores de los portales digitales <a href=\"http:\/\/www.caravacaaldia.com\/\">www.caravacaaldia.com<\/a> y <a href=\"http:\/\/www.murciaregion.com\/\">www.murciaregion.com<\/a>, ambos organizadores de este evento.<\/p>\n<p style=\"text-align:center;\"><a href=\"http:\/\/localhost:81\/turismo\/blog\/wp-content\/uploads\/2013\/02\/exposicion-pequec3b1as-233.jpg\"><img loading=\"lazy\" decoding=\"async\" class=\"aligncenter  wp-image-1832\" alt=\"Exposicion Peque\u00f1as (233)\" src=\"http:\/\/localhost:81\/turismo\/blog\/wp-content\/uploads\/2013\/02\/exposicion-pequec3b1as-233.jpg?w=529\" width=\"476\" height=\"317\" srcset=\"https:\/\/www.turismocaravaca.com\/blog\/wp-content\/uploads\/2013\/02\/exposicion-pequec3b1as-233.jpg 1024w, https:\/\/www.turismocaravaca.com\/blog\/wp-content\/uploads\/2013\/02\/exposicion-pequec3b1as-233-300x200.jpg 300w\" sizes=\"(max-width: 476px) 100vw, 476px\" \/><\/a><\/p>\n<p style=\"text-align:justify;\">Si est\u00e1is interesados en conocer las Fiestas de Caravaca de la Cruz y adem\u00e1s quer\u00e9is solidarizaros con colectivos necesitados de la ayuda de los dem\u00e1s, no lo dud\u00e9is, visitad esta exposici\u00f3n, estar\u00e1 abierta <strong>hasta el pr\u00f3ximo d\u00eda 27 de febrero<\/strong> en horario de <strong>17:30 h. a 20:30<\/strong> <strong>h. <\/strong>en la <strong>Casa de Cultura Emilio S\u00e1ez<\/strong>. \u00a1Os encantar\u00e1!<\/p>\n<p>&nbsp;<\/p>\n","protected":false},"excerpt":{"rendered":"<p>Me complace haceros saber que durante estos d\u00edas se est\u00e1 celebrando en Caravaca de la Cruz una exposici\u00f3n cuya tem\u00e1tica os va a resultar interesant\u00edsima y su finalidad a\u00fan m\u00e1s. Se trata de una exposici\u00f3n fotofestera, o lo que es lo mismo, una exposici\u00f3n dedicada a la fiesta, pero no a una fiesta cualquiera, sino [&hellip;]<\/p>\n","protected":false},"author":2,"featured_media":0,"comment_status":"open","ping_status":"open","sticky":false,"template":"","format":"standard","meta":{"footnotes":""},"categories":[3,2126,18],"tags":[76,291,356,364,869,870,882,966,986,1009,1394,1612,1825,1993,1995,1999],"class_list":["post-1805","post","type-post","status-publish","format-standard","hentry","category-actividades","category-espanol","category-fiestas-2","tag-a-p-c-o-m","tag-blog-de-turismo","tag-caravaca","tag-caravaca-de-la-cruz","tag-exposicion","tag-exposicion-benefica","tag-exposicion-fotografica","tag-fiestas","tag-fiestas-en-honor-a-la-santisima-y-vera-cruz-de-carvaca","tag-fotografia","tag-murcia","tag-pre-fiestas","tag-sindrome-de-angelman","tag-turismo-en-caravaca","tag-turismo-en-caravaca-de-la-cruz","tag-turismo-en-murcia"],"_links":{"self":[{"href":"https:\/\/www.turismocaravaca.com\/blog\/wp-json\/wp\/v2\/posts\/1805"}],"collection":[{"href":"https:\/\/www.turismocaravaca.com\/blog\/wp-json\/wp\/v2\/posts"}],"about":[{"href":"https:\/\/www.turismocaravaca.com\/blog\/wp-json\/wp\/v2\/types\/post"}],"author":[{"embeddable":true,"href":"https:\/\/www.turismocaravaca.com\/blog\/wp-json\/wp\/v2\/users\/2"}],"replies":[{"embeddable":true,"href":"https:\/\/www.turismocaravaca.com\/blog\/wp-json\/wp\/v2\/comments?post=1805"}],"version-history":[{"count":1,"href":"https:\/\/www.turismocaravaca.com\/blog\/wp-json\/wp\/v2\/posts\/1805\/revisions"}],"predecessor-version":[{"id":6303,"href":"https:\/\/www.turismocaravaca.com\/blog\/wp-json\/wp\/v2\/posts\/1805\/revisions\/6303"}],"wp:attachment":[{"href":"https:\/\/www.turismocaravaca.com\/blog\/wp-json\/wp\/v2\/media?parent=1805"}],"wp:term":[{"taxonomy":"category","embeddable":true,"href":"https:\/\/www.turismocaravaca.com\/blog\/wp-json\/wp\/v2\/categories?post=1805"},{"taxonomy":"post_tag","embeddable":true,"href":"https:\/\/www.turismocaravaca.com\/blog\/wp-json\/wp\/v2\/tags?post=1805"}],"curies":[{"name":"wp","href":"https:\/\/api.w.org\/{rel}","templated":true}]}}