{"id":1891,"date":"2013-03-05T11:02:25","date_gmt":"2013-03-05T11:02:25","guid":{"rendered":"http:\/\/turismocaravaca.wordpress.com\/?p=1891"},"modified":"2017-09-04T16:41:19","modified_gmt":"2017-09-04T16:41:19","slug":"xii-ruta-ecuestre-y-ii-foto-maraton-ciudad-de-caravaca","status":"publish","type":"post","link":"https:\/\/www.turismocaravaca.com\/blog\/xii-ruta-ecuestre-y-ii-foto-maraton-ciudad-de-caravaca\/","title":{"rendered":"XII RUTA ECUESTRE Y II FOTO \u2013 MARAT\u00d3N CIUDAD DE CARAVACA"},"content":{"rendered":"<p style=\"text-align:justify;\">El domingo 10 de marzo, las calles de <strong>Caravaca de la Cruz<\/strong> acoger\u00e1n a numerosos jinetes a lomos de bellos corceles, haciendo ambos muestra de su gallard\u00eda y regal\u00e1ndonos el peculiar sonido provocado por el roce de los cascos con la calzada. Creando as\u00ed, una ambiente que emociona, pues nos recuerda a los d\u00edas de fiesta, muy pr\u00f3ximos ya, en los que este animal juega un papel fundamental.<\/p>\n<p style=\"text-align:justify;\"><a href=\"http:\/\/localhost:81\/turismo\/blog\/wp-content\/uploads\/2013\/03\/phoca_thumb_l_caballo1.jpg\"><img loading=\"lazy\" decoding=\"async\" class=\" wp-image aligncenter\" id=\"i-1906\" alt=\"Image\" src=\"http:\/\/localhost:81\/turismo\/blog\/wp-content\/uploads\/2013\/03\/phoca_thumb_l_caballo1.jpg?w=630\" width=\"504\" height=\"350\" \/><\/a>Este acontecimiento viene celebr\u00e1ndose desde hace ya un tiempo, organizado por la Pe\u00f1a Caballista Minip\u00faa, este a\u00f1o tendr\u00e1 lugar la decimosegunda edici\u00f3n de la <strong>Ruta Ecuestre<\/strong>, la cual viene acompa\u00f1ada por una novedosa iniciativa, el <b>segundo <\/b><strong>Marat\u00f3n Fotogr\u00e1fico<\/strong>. Y es que <strong>caballo<\/strong>, <strong>jinete<\/strong> y <strong>escenario<\/strong> dan mucho juego, este conjunto brinda un sinf\u00edn de oportunidades a un fot\u00f3grafo, quien c\u00e1mara en mano capta momentos de singular belleza. El caballo, fant\u00e1stico animal, tan querido e importante para esta ciudad, goza por s\u00ed solo de una est\u00e9tica extraordinaria. Como dec\u00eda, si a esto le sumamos el equipo que forma con la persona que lo monta, conseguimos todo un espect\u00e1culo, que a ojos del que observa, despierta admiraci\u00f3n. Adem\u00e1s debemos tener en cuenta el tel\u00f3n de fondo, el entorno tan variado y emblem\u00e1tico por el que se realiza el recorrido: Partir\u00e1 desde la <strong><i>Plaza<\/i><i> del<\/i> Templete<\/strong>, para dirigirse a las <strong><i>Fuentes del Marqu\u00e9s<\/i><\/strong>, un paraje \u00fanico, del que brotan manantiales de aguas cristalinas, rodeados de gran vegetaci\u00f3n; desde aqu\u00ed por el Camino del <i>Jardinico<\/i>, proseguir\u00e1 la marcha hacia el casco antiguo pasando por la Calle <i>Mayrena<\/i> con direcci\u00f3n a la <strong><i>Bas\u00edlica<\/i><i> \u2013 Santuario de la Sant\u00edsima y Vera Cruz<\/i><\/strong>. No es necesario decir que una vez all\u00ed, nos encontraremos en un espacio cargado de historia y simbolismo.<\/p>\n<p style=\"text-align:center;\"><a href=\"http:\/\/localhost:81\/turismo\/blog\/wp-content\/uploads\/2013\/03\/phoca_thumb_l_caballojinete2.jpg\"><img decoding=\"async\" class=\"size-full wp-image\" id=\"i-1910\" alt=\"Image\" src=\"http:\/\/localhost:81\/turismo\/blog\/wp-content\/uploads\/2013\/03\/phoca_thumb_l_caballojinete2.jpg?w=308\" \/><\/a><\/p>\n<p style=\"text-align:justify;\">Como veis no nos equivoc\u00e1bamos al decir que los lugares por los que transcurre la Ruta, juegan tambi\u00e9n un gran papel a la hora de conferir atractivo a la misma. Ya en su \u00faltimo tramo pasar\u00e1 por la <em><strong>Plaza del Arco<\/strong><\/em>, la <i>Gran V\u00eda<\/i> y la <i>Carretera<\/i><i> de Murcia<\/i> hasta llegar a una carpa instalada en el paraje de la<i> Estaci\u00f3n<\/i><i> (Antigua Estaci\u00f3n de Tren).<\/i> En este espacio los jinetes junto con sus caballos realizar\u00e1n una <b>carrera de cintas<\/b> y un suculento <b>almuerzo campero<\/b>.<\/p>\n<p style=\"text-align:center;\"><a href=\"http:\/\/localhost:81\/turismo\/blog\/wp-content\/uploads\/2013\/03\/phoca_thumb_l_dsc_0195.jpg\"><img decoding=\"async\" class=\"size-full wp-image\" id=\"i-1917\" alt=\"Image\" src=\"http:\/\/localhost:81\/turismo\/blog\/wp-content\/uploads\/2013\/03\/phoca_thumb_l_dsc_0195.jpg?w=286\" \/><\/a><\/p>\n<p style=\"text-align:justify;\">Esperamos que esta descripci\u00f3n haya despertado vuestro inter\u00e9s y os anim\u00e9is a participar en esta actividad. Podr\u00e9is conocer Caravaca de la Cruz desde una perspectiva diferente.<\/p>\n<p style=\"text-align:justify;\">Las fotos que ilustran este texto forman parte del Foto \u2013 Marat\u00f3n del a\u00f1o 2012.<\/p>\n<p>A continuaci\u00f3n os muestro el cartel anunciador para conozc\u00e1is todos los detalles:<\/p>\n<p style=\"text-align:center;\"><a href=\"http:\/\/localhost:81\/turismo\/blog\/wp-content\/uploads\/2013\/03\/cartel-ruta-ecuestre-minipua-2013.jpg\"><img loading=\"lazy\" decoding=\"async\" class=\" wp-image aligncenter\" id=\"i-1936\" alt=\"Image\" src=\"http:\/\/localhost:81\/turismo\/blog\/wp-content\/uploads\/2013\/03\/cartel-ruta-ecuestre-minipua-2013.jpg?w=710\" width=\"568\" height=\"458\" \/><\/a><\/p>\n","protected":false},"excerpt":{"rendered":"<p>El domingo 10 de marzo, las calles de Caravaca de la Cruz acoger\u00e1n a numerosos jinetes a lomos de bellos corceles, haciendo ambos muestra de su gallard\u00eda y regal\u00e1ndonos el peculiar sonido provocado por el roce de los cascos con la calzada. Creando as\u00ed, una ambiente que emociona, pues nos recuerda a los d\u00edas de [&hellip;]<\/p>\n","protected":false},"author":2,"featured_media":0,"comment_status":"open","ping_status":"open","sticky":false,"template":"","format":"standard","meta":{"footnotes":""},"categories":[3,2126],"tags":[265,291,314,356,364,790,1008,1017,1143,1291,1394,1544,1772,1993,1995,1999,2090],"class_list":["post-1891","post","type-post","status-publish","format-standard","hentry","category-actividades","category-espanol","tag-basilica-santuario-de-la-vera-cruz","tag-blog-de-turismo","tag-caballo","tag-caravaca","tag-caravaca-de-la-cruz","tag-el-templete","tag-foto-maraton","tag-fuentes-del-marques","tag-jinete","tag-maraton-fotografico-ciudad-de-caravaca","tag-murcia","tag-pena-caballista-minipua","tag-ruta-ecuestre","tag-turismo-en-caravaca","tag-turismo-en-caravaca-de-la-cruz","tag-turismo-en-murcia","tag-xii-ruta-ecuestre"],"_links":{"self":[{"href":"https:\/\/www.turismocaravaca.com\/blog\/wp-json\/wp\/v2\/posts\/1891"}],"collection":[{"href":"https:\/\/www.turismocaravaca.com\/blog\/wp-json\/wp\/v2\/posts"}],"about":[{"href":"https:\/\/www.turismocaravaca.com\/blog\/wp-json\/wp\/v2\/types\/post"}],"author":[{"embeddable":true,"href":"https:\/\/www.turismocaravaca.com\/blog\/wp-json\/wp\/v2\/users\/2"}],"replies":[{"embeddable":true,"href":"https:\/\/www.turismocaravaca.com\/blog\/wp-json\/wp\/v2\/comments?post=1891"}],"version-history":[{"count":1,"href":"https:\/\/www.turismocaravaca.com\/blog\/wp-json\/wp\/v2\/posts\/1891\/revisions"}],"predecessor-version":[{"id":6301,"href":"https:\/\/www.turismocaravaca.com\/blog\/wp-json\/wp\/v2\/posts\/1891\/revisions\/6301"}],"wp:attachment":[{"href":"https:\/\/www.turismocaravaca.com\/blog\/wp-json\/wp\/v2\/media?parent=1891"}],"wp:term":[{"taxonomy":"category","embeddable":true,"href":"https:\/\/www.turismocaravaca.com\/blog\/wp-json\/wp\/v2\/categories?post=1891"},{"taxonomy":"post_tag","embeddable":true,"href":"https:\/\/www.turismocaravaca.com\/blog\/wp-json\/wp\/v2\/tags?post=1891"}],"curies":[{"name":"wp","href":"https:\/\/api.w.org\/{rel}","templated":true}]}}