{"id":1943,"date":"2013-03-07T12:54:32","date_gmt":"2013-03-07T12:54:32","guid":{"rendered":"http:\/\/turismocaravaca.wordpress.com\/?p=1943"},"modified":"2017-09-04T16:41:19","modified_gmt":"2017-09-04T16:41:19","slug":"xxv-trofeo-internacional-murcia-costa-calida-de-orientacion-en-la-naturaleza-en-caravaca-de-la-cruz","status":"publish","type":"post","link":"https:\/\/www.turismocaravaca.com\/blog\/xxv-trofeo-internacional-murcia-costa-calida-de-orientacion-en-la-naturaleza-en-caravaca-de-la-cruz\/","title":{"rendered":"XXV TROFEO INTERNACIONAL MURCIA COSTA C\u00c1LIDA DE ORIENTACI\u00d3N EN LA NATURALEZA EN CARAVACA DE LA CRUZ"},"content":{"rendered":"<p>Durante los d\u00edas 8, 9 y 10 de marzo de 2013 <strong>Caravaca de la Cruz<\/strong> ser\u00e1 por tercera vez, la sede oficial del <strong>XXV Trofeo Internacional Murcia Costa C\u00e1lida de Orientaci\u00f3n en la Naturaleza.<\/strong><\/p>\n<p>Esta prueba es un referente en el mundo de la orientaci\u00f3n (segunda prueba m\u00e1s antigua de Espa\u00f1a) \u00a0por las caracter\u00edsticas del los trazados que ofrece y por la dilatada experiencia de sus organizadores (Federaci\u00f3n de Orientaci\u00f3n de la Regi\u00f3n de Murcia).<\/p>\n<p>En esta ocasi\u00f3n, en Caravaca de la Cruz se dar\u00e1n cita m\u00e1s de <b>700 participantes<\/b> procedentes de diferentes destinos <b>nacionales e internacionales<\/b> (B\u00e9lgica, Canad\u00e1, Finlandia, Italia, Suecia y Reino Unido). Debemos destacar la participaci\u00f3n de componentes de la Selecci\u00f3n Espa\u00f1ola de Orientaci\u00f3n.<\/p>\n<p style=\"text-align:center;\"><a href=\"http:\/\/turismocaravaca.files.wordpress.com\/2013\/03\/001.jpg\"><img decoding=\"async\" class=\"size-full wp-image\" id=\"i-1955\" alt=\"Image\" src=\"http:\/\/turismocaravaca.files.wordpress.com\/2013\/03\/001.jpg?w=420\" \/><\/a><\/p>\n<p>Las distintas carreras (algunas de ellas computan en la Liga Nacional de Orientaci\u00f3n) se celebrar\u00e1n\u00a0 en la zona del <strong>Pinar de La Almudema<\/strong> (carreras individuales de larga y media distancia) y en el bello paraje de <em><strong>Las Fuentes del Marqu\u00e9s<\/strong><\/em> de Caravaca de la Cruz (sprint). Ambos espacios naturales de gran belleza. El \u00faltimo destaca por sus manantiales de aguas cristalinas y por la abundante vegetaci\u00f3n.<\/p>\n<p style=\"text-align:center;\"><a href=\"http:\/\/localhost:81\/turismo\/blog\/wp-content\/uploads\/2013\/03\/100_0604.jpg\"><img loading=\"lazy\" decoding=\"async\" class=\" wp-image aligncenter\" id=\"i-1962\" alt=\"Image\" src=\"http:\/\/localhost:81\/turismo\/blog\/wp-content\/uploads\/2013\/03\/100_0604.jpg?w=710\" width=\"359\" height=\"272\" \/><\/a><\/p>\n<p>En cuanto a las caracter\u00edsticas del terreno, podemos decir que el \u00e1rea por la que transcurrir\u00e1 la prueba se encuentra a <b>775 y 960 m. sobre el nivel del mar<\/b>, los participantes encontrar\u00e1n <b>desniveles moderados<\/b> y un relieve marcado por la erosi\u00f3n h\u00eddrica, dando lugar a multitud de <b>vaguadas<\/b>, <b>cortados<\/b>, <b>torrenteras estacionales<\/b> (casi siempre secas) etc. El trazado transcurre por una <b>zona boscosa de pino<\/b>, atravesada por sendas, caminos y <b>zonas de cultivo<\/b> de <b>cereal y almendro<\/b>. La visibilidad en general es buena. Tambi\u00e9n encontraremos <b>romero y esparto<\/b>, no suponiendo \u00e9stos obst\u00e1culo alguno para la marcha.<\/p>\n<p style=\"text-align:center;\"><a href=\"http:\/\/localhost:81\/turismo\/blog\/wp-content\/uploads\/2013\/03\/brc3bajula.jpg\"><img loading=\"lazy\" decoding=\"async\" class=\"size-full wp-image\" id=\"i-1980\" alt=\"Image\" src=\"http:\/\/localhost:81\/turismo\/blog\/wp-content\/uploads\/2013\/03\/brc3bajula.jpg?w=230\" width=\"319\" height=\"216\" \/><\/a><\/p>\n<p>Las caracter\u00edsticas de la zona son ideales para la pr\u00e1ctica de este deporte tan atractivo como es la orientaci\u00f3n que combina la fortaleza f\u00edsica y la capacidad e inteligencia para interpretar mapas.<\/p>\n<p style=\"text-align:center;\"><a href=\"http:\/\/localhost:81\/turismo\/blog\/wp-content\/uploads\/2013\/03\/images-41.jpg\"><img loading=\"lazy\" decoding=\"async\" class=\"size-full wp-image\" id=\"i-1982\" alt=\"Image\" src=\"http:\/\/localhost:81\/turismo\/blog\/wp-content\/uploads\/2013\/03\/images-41.jpg?w=184\" width=\"327\" height=\"418\" \/><\/a><\/p>\n<p>Si nunca hab\u00e9is asistido a un evento deportivo de estas caracter\u00edsticas este fin de semana ten\u00e9is la oportunidad de hacerlo, <strong>disfrutar\u00e9is de un deporte fascinante en un entorno inigualable.<\/strong><\/p>\n<p style=\"text-align:center;\">\u00a0<a href=\"http:\/\/localhost:81\/turismo\/blog\/wp-content\/uploads\/2013\/03\/costacalida2013orientacion1.jpg\"><img loading=\"lazy\" decoding=\"async\" class=\" wp-image aligncenter\" id=\"i-1984\" alt=\"Image\" src=\"http:\/\/localhost:81\/turismo\/blog\/wp-content\/uploads\/2013\/03\/costacalida2013orientacion1.jpg?w=710\" width=\"366\" height=\"664\" \/><\/a><\/p>\n","protected":false},"excerpt":{"rendered":"<p>Durante los d\u00edas 8, 9 y 10 de marzo de 2013 Caravaca de la Cruz ser\u00e1 por tercera vez, la sede oficial del XXV Trofeo Internacional Murcia Costa C\u00e1lida de Orientaci\u00f3n en la Naturaleza. Esta prueba es un referente en el mundo de la orientaci\u00f3n (segunda prueba m\u00e1s antigua de Espa\u00f1a) \u00a0por las caracter\u00edsticas del [&hellip;]<\/p>\n","protected":false},"author":2,"featured_media":0,"comment_status":"open","ping_status":"open","sticky":false,"template":"","format":"standard","meta":{"footnotes":""},"categories":[12,2126],"tags":[53,64,291,356,364,421,836,1017,1394,1498,1570,1982,1991,1995,1999,2095],"class_list":["post-1943","post","type-post","status-publish","format-standard","hentry","category-deportes","category-espanol","tag-25o-trofeo-internacional-costa-calida","tag-4a-liga-nacional-de-orientacion","tag-blog-de-turismo","tag-caravaca","tag-caravaca-de-la-cruz","tag-carreras-de-orientacion","tag-espacios-naturales","tag-fuentes-del-marques","tag-murcia","tag-orientacion","tag-pinar-de-la-almudema","tag-turismo","tag-turismo-deportivo","tag-turismo-en-caravaca-de-la-cruz","tag-turismo-en-murcia","tag-xxv-costa-calida-world-ranking-event"],"_links":{"self":[{"href":"https:\/\/www.turismocaravaca.com\/blog\/wp-json\/wp\/v2\/posts\/1943"}],"collection":[{"href":"https:\/\/www.turismocaravaca.com\/blog\/wp-json\/wp\/v2\/posts"}],"about":[{"href":"https:\/\/www.turismocaravaca.com\/blog\/wp-json\/wp\/v2\/types\/post"}],"author":[{"embeddable":true,"href":"https:\/\/www.turismocaravaca.com\/blog\/wp-json\/wp\/v2\/users\/2"}],"replies":[{"embeddable":true,"href":"https:\/\/www.turismocaravaca.com\/blog\/wp-json\/wp\/v2\/comments?post=1943"}],"version-history":[{"count":1,"href":"https:\/\/www.turismocaravaca.com\/blog\/wp-json\/wp\/v2\/posts\/1943\/revisions"}],"predecessor-version":[{"id":6300,"href":"https:\/\/www.turismocaravaca.com\/blog\/wp-json\/wp\/v2\/posts\/1943\/revisions\/6300"}],"wp:attachment":[{"href":"https:\/\/www.turismocaravaca.com\/blog\/wp-json\/wp\/v2\/media?parent=1943"}],"wp:term":[{"taxonomy":"category","embeddable":true,"href":"https:\/\/www.turismocaravaca.com\/blog\/wp-json\/wp\/v2\/categories?post=1943"},{"taxonomy":"post_tag","embeddable":true,"href":"https:\/\/www.turismocaravaca.com\/blog\/wp-json\/wp\/v2\/tags?post=1943"}],"curies":[{"name":"wp","href":"https:\/\/api.w.org\/{rel}","templated":true}]}}