{"id":2005,"date":"2013-03-12T12:52:25","date_gmt":"2013-03-12T12:52:25","guid":{"rendered":"http:\/\/turismocaravaca.wordpress.com\/?p=2005"},"modified":"2017-09-04T16:41:19","modified_gmt":"2017-09-04T16:41:19","slug":"viii-exposicion-canina-nacional-e-internacional-alianz-y-xix-concurso-canino-caravaca-de-la-cruz","status":"publish","type":"post","link":"https:\/\/www.turismocaravaca.com\/blog\/viii-exposicion-canina-nacional-e-internacional-alianz-y-xix-concurso-canino-caravaca-de-la-cruz\/","title":{"rendered":"VIII EXPOSICI\u00d3N CANINA NACIONAL E INTERNACIONAL ALIANZ y XIX CONCURSO CANINO CARAVACA DE LA CRUZ"},"content":{"rendered":"<p style=\"text-align:justify;\">En esta ocasi\u00f3n escribimos para informaros de un evento muy particular, que tendr\u00e1 lugar el pr\u00f3ximo domingo <strong>17 de marzo<\/strong>, la particularidad se la otorgan sus protagonistas, los perros.<\/p>\n<p style=\"text-align:center;\"><a href=\"http:\/\/localhost:81\/turismo\/blog\/wp-content\/uploads\/2013\/03\/images.jpg\"><img decoding=\"async\" class=\"size-full wp-image\" id=\"i-2017\" alt=\"Image\" src=\"http:\/\/localhost:81\/turismo\/blog\/wp-content\/uploads\/2013\/03\/images.jpg?w=265\" \/><\/a><\/p>\n<p>La <strong>Exposici\u00f3n Canina Nacional e Internacional Alianz<\/strong> est\u00e1 ya arraigada en la agenda caravaque\u00f1a, la edici\u00f3n que se celebrar\u00e1 este domingo es la VIII. Adem\u00e1s al mismo tiempor tendr\u00e1 lugar el <strong>XIX Concurso Canino Caravaca de la Cruz.<a href=\"http:\/\/localhost:81\/turismo\/blog\/wp-content\/uploads\/2013\/03\/images-3.jpg\"><img decoding=\"async\" class=\"size-full wp-image aligncenter\" id=\"i-2020\" alt=\"Image\" src=\"http:\/\/localhost:81\/turismo\/blog\/wp-content\/uploads\/2013\/03\/images-3.jpg?w=260\" \/><\/a><\/strong><\/p>\n<p style=\"text-align:justify;\">Los amantes de estos animales est\u00e1n de suerte porque podr\u00e1n contemplar ejemplares caninos (200) de extraordinaria calidad procedentes de Espa\u00f1a y Europa. Se contar\u00e1 con la actuaci\u00f3n de jueces internacionales Alianz.<\/p>\n<p style=\"text-align:center;\"><a href=\"http:\/\/localhost:81\/turismo\/blog\/wp-content\/uploads\/2013\/03\/images-5.jpg\"><img decoding=\"async\" class=\"size-full wp-image\" id=\"i-2022\" alt=\"Image\" src=\"http:\/\/localhost:81\/turismo\/blog\/wp-content\/uploads\/2013\/03\/images-5.jpg?w=246\" \/><\/a><\/p>\n<p>Los organizadores, <strong>ALIANZ CANINEWORLDWIDE<\/strong> Y LA <strong>ASOCIACI\u00d3N CANINA NACIONAL ACCAM<\/strong>, con esta actividad sin \u00e1nimo de lucro pretenden fomentar la \u00a0<strong><i>cinofilia<\/i><\/strong>, que los amantes de los perros puedan mejorar la calidad de sus ejemplares, conocer todo lo posible las caracter\u00edsticas de cada raza para preservarla y tratar de conseguir la perfecci\u00f3n. Otra finalidad de esta exhibici\u00f3n es la concienciaci\u00f3n de una tenencia de ejemplares responsable. A este respecto se promocionar\u00e1 la campa\u00f1a \u201c<em>No me abandones\u201d<\/em><\/p>\n<p style=\"text-align:center;\"><a href=\"http:\/\/localhost:81\/turismo\/blog\/wp-content\/uploads\/2013\/03\/images-7.jpg\"><img decoding=\"async\" class=\"size-full wp-image\" id=\"i-2038\" alt=\"Image\" src=\"http:\/\/localhost:81\/turismo\/blog\/wp-content\/uploads\/2013\/03\/images-7.jpg?w=280\" \/><\/a><\/p>\n<p>En el transcurso de la exposici\u00f3n se realizar\u00e1n <strong>Reconocimientos de Raza<\/strong> para perros que, siendo de pura raza, no tienen pedigr\u00ed, un divertido <strong>Concurso Popular<\/strong> para ejemplares caninos, con y sin pedigr\u00ed, y <strong>exhibiciones de peluquer\u00eda canina.<\/strong><\/p>\n<p style=\"text-align:justify;\">El lugar de celebraci\u00f3n ser\u00e1 el Recinto Ferial<strong><i> Venta de Cavila<\/i><\/strong>. Las inscripciones podr\u00e1n realizarse el mismo d\u00eda a partir de las <strong>10:00 h<\/strong>. y los juicios comenzar\u00e1n a partir de las <strong>11:00 h.<\/strong><\/p>\n<p><a href=\"http:\/\/localhost:81\/turismo\/blog\/wp-content\/uploads\/2013\/03\/caravaca2013.jpg\"><img loading=\"lazy\" decoding=\"async\" class=\"size-full wp-image aligncenter\" id=\"i-2028\" alt=\"Image\" src=\"http:\/\/localhost:81\/turismo\/blog\/wp-content\/uploads\/2013\/03\/caravaca2013.jpg?w=710\" width=\"505\" height=\"360\" \/><\/a><\/p>\n<p style=\"text-align:justify;\">Si os gustan los perros no os pod\u00e9is perder este acontecimiento. Y si adem\u00e1s est\u00e1is interesados en la <b>artesan\u00eda<\/b>, el domingo 17 ser\u00e1 la ocasi\u00f3n perfecta para que visit\u00e9is <strong>Caravaca de la Cruz<\/strong>, puesto que este mismo d\u00eda tendr\u00e1 lugar una nueva edici\u00f3n del <strong><i>Mercado del Peregrino<\/i> <\/strong>y diferentes restaurantes de la ciudad ofrecer\u00e1n el <strong><i>Men\u00fa del Peregrino<\/i><\/strong>, en el que podr\u00e9is degustar platos t\u00edpicos de la zona.<\/p>\n","protected":false},"excerpt":{"rendered":"<p>En esta ocasi\u00f3n escribimos para informaros de un evento muy particular, que tendr\u00e1 lugar el pr\u00f3ximo domingo 17 de marzo, la particularidad se la otorgan sus protagonistas, los perros. La Exposici\u00f3n Canina Nacional e Internacional Alianz est\u00e1 ya arraigada en la agenda caravaque\u00f1a, la edici\u00f3n que se celebrar\u00e1 este domingo es la VIII. Adem\u00e1s al [&hellip;]<\/p>\n","protected":false},"author":2,"featured_media":0,"comment_status":"open","ping_status":"open","sticky":false,"template":"","format":"standard","meta":{"footnotes":""},"categories":[11,2126,16],"tags":[94,160,213,356,364,481,554,862,866,1394,1551,1554,1560,1561,1562,1563,1719,1725,2046],"class_list":["post-2005","post","type-post","status-publish","format-standard","hentry","category-concursos","category-espanol","category-exposiones","tag-accam","tag-alianz-canineworldwide","tag-asociacion-canina-nacional","tag-caravaca","tag-caravaca-de-la-cruz","tag-cinofilia","tag-concurso-canino","tag-exhibicion-canina","tag-exibicion-de-perros","tag-murcia","tag-pedigri","tag-peluqueria-canina","tag-perros","tag-perros-con-pedigri","tag-perros-de-raza","tag-perros-sin-pedigri","tag-recinto-ferial-venta-de-cavila","tag-reconocimientos-de-raza","tag-viii-exposicion-canina-nacional-e-internacional-alianz"],"_links":{"self":[{"href":"https:\/\/www.turismocaravaca.com\/blog\/wp-json\/wp\/v2\/posts\/2005"}],"collection":[{"href":"https:\/\/www.turismocaravaca.com\/blog\/wp-json\/wp\/v2\/posts"}],"about":[{"href":"https:\/\/www.turismocaravaca.com\/blog\/wp-json\/wp\/v2\/types\/post"}],"author":[{"embeddable":true,"href":"https:\/\/www.turismocaravaca.com\/blog\/wp-json\/wp\/v2\/users\/2"}],"replies":[{"embeddable":true,"href":"https:\/\/www.turismocaravaca.com\/blog\/wp-json\/wp\/v2\/comments?post=2005"}],"version-history":[{"count":1,"href":"https:\/\/www.turismocaravaca.com\/blog\/wp-json\/wp\/v2\/posts\/2005\/revisions"}],"predecessor-version":[{"id":6299,"href":"https:\/\/www.turismocaravaca.com\/blog\/wp-json\/wp\/v2\/posts\/2005\/revisions\/6299"}],"wp:attachment":[{"href":"https:\/\/www.turismocaravaca.com\/blog\/wp-json\/wp\/v2\/media?parent=2005"}],"wp:term":[{"taxonomy":"category","embeddable":true,"href":"https:\/\/www.turismocaravaca.com\/blog\/wp-json\/wp\/v2\/categories?post=2005"},{"taxonomy":"post_tag","embeddable":true,"href":"https:\/\/www.turismocaravaca.com\/blog\/wp-json\/wp\/v2\/tags?post=2005"}],"curies":[{"name":"wp","href":"https:\/\/api.w.org\/{rel}","templated":true}]}}