{"id":2409,"date":"2013-05-16T13:32:59","date_gmt":"2013-05-16T13:32:59","guid":{"rendered":"http:\/\/turismocaravaca.wordpress.com\/?p=2409"},"modified":"2017-09-04T16:41:17","modified_gmt":"2017-09-04T16:41:17","slug":"mercado-del-peregrino-y-muchas-mas-actividades","status":"publish","type":"post","link":"https:\/\/www.turismocaravaca.com\/blog\/mercado-del-peregrino-y-muchas-mas-actividades\/","title":{"rendered":"\u00a1Mercado del Peregrino y muchas m\u00e1s actividades\u2026.!!"},"content":{"rendered":"<p style=\"text-align:justify;\">\u00a0\u00a0\u00a0\u00a0 Ya tenemos encima el fin de semana y con \u00e9l un mont\u00f3n de actividades para no parar. Os desvelamos detalles de todo lo que se acontecer\u00e1 en Caravaca y su entorno durante estos d\u00edas.<\/p>\n<p style=\"text-align:justify;\">\u00a0\u00a0\u00a0\u00a0 Comenzamos ma\u00f1ana viernes con el <b>musical \u201cAnastasia\u201d<\/b>, representado por los\u00a0 alumnos de Danza del Conservatorio Profesional de M\u00fasica <b>a beneficio de la Residencia de Ancianos de Caravaca<\/b>. La representaci\u00f3n tendr\u00e1 lugar en el <b>Teatro Thuillier<\/b> de Caravaca a las <b>20:30 horas<\/b>.<\/p>\n<p style=\"text-align:justify;\"><a href=\"http:\/\/localhost:81\/turismo\/blog\/wp-content\/uploads\/2013\/05\/musical-anastasia.jpg\"><img loading=\"lazy\" decoding=\"async\" class=\"aligncenter size-medium wp-image-2410\" alt=\"musical anastasia\" src=\"http:\/\/localhost:81\/turismo\/blog\/wp-content\/uploads\/2013\/05\/musical-anastasia.jpg?w=300\" width=\"300\" height=\"206\" srcset=\"https:\/\/www.turismocaravaca.com\/blog\/wp-content\/uploads\/2013\/05\/musical-anastasia.jpg 766w, https:\/\/www.turismocaravaca.com\/blog\/wp-content\/uploads\/2013\/05\/musical-anastasia-300x206.jpg 300w\" sizes=\"(max-width: 300px) 100vw, 300px\" \/><\/a>\u00a0\u00a0\u00a0\u00a0 Si no conoc\u00e9is la pedan\u00eda caravaque\u00f1a de <b>Caneja<\/b> os invitamos a que lo hag\u00e1is tambi\u00e9n durante estos d\u00edas, ya que ahora est\u00e1n en plenas <b>Fiestas Patronales<\/b> en Honor a San Isidro (del <b>15 al 19 de mayo<\/b>), donde pod\u00e9is degustar sus patatas con ajo y sardinas, sus migas y todos sus espect\u00e1culos. Pedes consultar el programa de fiestas en nuestra web http:\/\/www.turismocaravaca.co<a href=\"http:\/\/localhost:81\/turismo\/blog\/wp-content\/uploads\/2013\/05\/exposicic3b3n-pto-de-cruz.jpg\"><img loading=\"lazy\" decoding=\"async\" class=\"alignleft size-medium wp-image-2412\" alt=\"exposici\u00f3n pto de cruz\" src=\"http:\/\/localhost:81\/turismo\/blog\/wp-content\/uploads\/2013\/05\/exposicic3b3n-pto-de-cruz.jpg?w=217\" width=\"217\" height=\"300\" srcset=\"https:\/\/www.turismocaravaca.com\/blog\/wp-content\/uploads\/2013\/05\/exposicic3b3n-pto-de-cruz.jpg 391w, https:\/\/www.turismocaravaca.com\/blog\/wp-content\/uploads\/2013\/05\/exposicic3b3n-pto-de-cruz-218x300.jpg 218w\" sizes=\"(max-width: 217px) 100vw, 217px\" \/><\/a>m\/fiestas-de-caneja-2013\/<\/p>\n<p style=\"text-align:justify;\">\u00a0\u00a0\u00a0\u00a0 En la Glorieta, en la Casa de la Cultura seguiremos con actividades de la <b>Feria<\/b><b> del Libro<\/b>, de las que ya os hablamos anteriormente.<\/p>\n<p style=\"text-align:justify;\">En la sala de exposiciones de\u00a0 la Casa de la Cultura, hay una bonita <b>Exposici\u00f3n<\/b> que estar\u00e1 hasta el pr\u00f3ximo d\u00eda 24 de Cuadros <b>Bordados a Punto de Cruz<\/b> por M\u00aa \u00c1ngeles Catal\u00e1n, la ver\u00e9is de forma gratuita, el horario es de 18 a 21 horas.<\/p>\n<p>&nbsp;<\/p>\n<p>No podemos olvidar que el d\u00eda 18, s\u00e1bado, se celebra el <strong>D\u00eda Internacional de los Museos<\/strong>, y por este motivo, Caravaca de la Cruz abre sus museos en el horario habitual, de 10 a 14 y de 16 a 19 horas, y con la diferencia de que<strong> la entrada a ellos en gratuita. <\/strong>Durante este d\u00eda, se dar\u00e1 un detalle a todos los asistentes a dichos museos hasta finalizar existencias.<\/p>\n<p>Y el domingo <b>19 de mayo<\/b>, como de costumbre, el tercer domingo de cada mes se celebra en la <b>Plaza<\/b><b> del Arco<\/b> de nuestra ciudad <b>El Mercado del Peregrino<\/b>, con una tem\u00e1tica muy apropiada <b>\u201cEl mes de las Flores\u201d. <\/b>En el Mercado del Peregrino los ni\u00f1os lo pasaran en grande con <b>actividades de animaci\u00f3n<\/b> como: demostraciones de taller de esparto, teatrillo de marionetas y juegos populares, actuaci\u00f3n musical en directo, globoflexia, maquillaje para ni\u00f1os y talleres para ni\u00f1os donde podr\u00e1n hacer sus propios arreglos florales.<\/p>\n<p><a href=\"http:\/\/localhost:81\/turismo\/blog\/wp-content\/uploads\/2013\/05\/cartel-m-peregrino-mayo13.jpg\"><img loading=\"lazy\" decoding=\"async\" class=\"aligncenter size-large wp-image-2413\" alt=\"Cartel M.Peregrino Mayo13\" src=\"http:\/\/localhost:81\/turismo\/blog\/wp-content\/uploads\/2013\/05\/cartel-m-peregrino-mayo13.jpg?w=529\" width=\"484\" height=\"591\" \/><\/a><\/p>\n<p>Este mercado es una ocasi\u00f3n estupenda para acercarse a Caravaca y poder disfrutar de su patrimonio y sus monumentos, de su artesan\u00eda, su gastronom\u00eda, sus gentes y de todo lo que esta ciudad nos puede ofrecer. No te lo pierdas.<\/p>\n<p>En definitiva, si os gusta todo este mundillo, venid a Caravaca de la Cruz<\/p>\n<p align=\"center\"><b>\u00a1\u00a1Lo pasar\u00e9is genial!!<\/b><\/p>\n","protected":false},"excerpt":{"rendered":"<p>\u00a0\u00a0\u00a0\u00a0 Ya tenemos encima el fin de semana y con \u00e9l un mont\u00f3n de actividades para no parar. Os desvelamos detalles de todo lo que se acontecer\u00e1 en Caravaca y su entorno durante estos d\u00edas. \u00a0\u00a0\u00a0\u00a0 Comenzamos ma\u00f1ana viernes con el musical \u201cAnastasia\u201d, representado por los\u00a0 alumnos de Danza del Conservatorio Profesional de M\u00fasica a [&hellip;]<\/p>\n","protected":false},"author":2,"featured_media":0,"comment_status":"open","ping_status":"open","sticky":false,"template":"","format":"standard","meta":{"footnotes":""},"categories":[3,5,2126,14,16,17,19,20,23],"tags":[291,356,364,694,869,930,1322,1431,1559,1691,1803],"class_list":["post-2409","post","type-post","status-publish","format-standard","hentry","category-actividades","category-artesania","category-espanol","category-eventos","category-exposiones","category-ferias","category-gastronomia-3","category-horarios-2","category-mercado-2","tag-blog-de-turismo","tag-caravaca","tag-caravaca-de-la-cruz","tag-dia-internacional-de-los-museos","tag-exposicion","tag-feria-del-libro","tag-mercado-del-peregrino","tag-musical-anastasia","tag-peregrino","tag-punto-de-cruz","tag-san-isidro"],"_links":{"self":[{"href":"https:\/\/www.turismocaravaca.com\/blog\/wp-json\/wp\/v2\/posts\/2409"}],"collection":[{"href":"https:\/\/www.turismocaravaca.com\/blog\/wp-json\/wp\/v2\/posts"}],"about":[{"href":"https:\/\/www.turismocaravaca.com\/blog\/wp-json\/wp\/v2\/types\/post"}],"author":[{"embeddable":true,"href":"https:\/\/www.turismocaravaca.com\/blog\/wp-json\/wp\/v2\/users\/2"}],"replies":[{"embeddable":true,"href":"https:\/\/www.turismocaravaca.com\/blog\/wp-json\/wp\/v2\/comments?post=2409"}],"version-history":[{"count":1,"href":"https:\/\/www.turismocaravaca.com\/blog\/wp-json\/wp\/v2\/posts\/2409\/revisions"}],"predecessor-version":[{"id":6284,"href":"https:\/\/www.turismocaravaca.com\/blog\/wp-json\/wp\/v2\/posts\/2409\/revisions\/6284"}],"wp:attachment":[{"href":"https:\/\/www.turismocaravaca.com\/blog\/wp-json\/wp\/v2\/media?parent=2409"}],"wp:term":[{"taxonomy":"category","embeddable":true,"href":"https:\/\/www.turismocaravaca.com\/blog\/wp-json\/wp\/v2\/categories?post=2409"},{"taxonomy":"post_tag","embeddable":true,"href":"https:\/\/www.turismocaravaca.com\/blog\/wp-json\/wp\/v2\/tags?post=2409"}],"curies":[{"name":"wp","href":"https:\/\/api.w.org\/{rel}","templated":true}]}}