{"id":2422,"date":"2013-05-30T11:04:58","date_gmt":"2013-05-30T11:04:58","guid":{"rendered":"http:\/\/turismocaravaca.wordpress.com\/?p=2422"},"modified":"2017-09-04T16:41:17","modified_gmt":"2017-09-04T16:41:17","slug":"quien-no-ha-visto-la-exposicion-de-enjaezamientos-de-los-caballos-del-vino-2013","status":"publish","type":"post","link":"https:\/\/www.turismocaravaca.com\/blog\/quien-no-ha-visto-la-exposicion-de-enjaezamientos-de-los-caballos-del-vino-2013\/","title":{"rendered":"\u00bfQui\u00e9n no ha visto la Exposici\u00f3n de Enjaezamientos de los Caballos del Vino 2013?"},"content":{"rendered":"<p style=\"text-align:justify;\">\u00a0\u00a0\u00a0\u00a0 Aprovechamos para recordaros que desde el pasado d\u00eda 7 de mayo se encuentra abierta al p\u00fablico y de manera <b>GRATUITA<\/b> la <b>Exposici\u00f3n<\/b><b> de Mantos<\/b> de los <b>Caballos del Vino <\/b>de este a\u00f1o <b>2013<\/b>.<\/p>\n<p style=\"text-align:justify;\"><a href=\"http:\/\/localhost:81\/turismo\/blog\/wp-content\/uploads\/2013\/05\/esposicion-foto-morety-2013-026.jpg\"><img loading=\"lazy\" decoding=\"async\" class=\"aligncenter size-medium wp-image-2423\" alt=\"Esposicion - Foto Morety 2013 026\" src=\"http:\/\/localhost:81\/turismo\/blog\/wp-content\/uploads\/2013\/05\/esposicion-foto-morety-2013-026.jpg?w=300\" width=\"300\" height=\"200\" srcset=\"https:\/\/www.turismocaravaca.com\/blog\/wp-content\/uploads\/2013\/05\/esposicion-foto-morety-2013-026.jpg 3504w, https:\/\/www.turismocaravaca.com\/blog\/wp-content\/uploads\/2013\/05\/esposicion-foto-morety-2013-026-300x200.jpg 300w, https:\/\/www.turismocaravaca.com\/blog\/wp-content\/uploads\/2013\/05\/esposicion-foto-morety-2013-026-1024x683.jpg 1024w\" sizes=\"(max-width: 300px) 100vw, 300px\" \/><\/a>\u00a0\u00a0\u00a0\u00a0 Dicha exposici\u00f3n se encuentra ubicada en pleno coraz\u00f3n de nuestra ciudad, en la <b>Antigua<\/b><b> Iglesia<\/b><b> de la Compa\u00f1\u00eda de Jes\u00fas<\/b> en horario de <b>11 a<\/b><b> 13:30h<\/b>. y de <b>18 a<\/b><b> 21h.<\/b><\/p>\n<p style=\"text-align:justify;\">\u00a0\u00a0\u00a0\u00a0 Si la visitamos, podremos apreciar desde cerca la magnitud y el trabajo realizado por las <b>bordadoras<\/b> y dise\u00f1adoras de Caravaca, todo ello en una visita para no olvidar y en la que puedes ver los mantos de los primeros premios de las pe\u00f1as del primer bloque y los dos primeros del segundo bloque.<\/p>\n<p style=\"text-align:justify;\" align=\"center\"><a href=\"http:\/\/localhost:81\/turismo\/blog\/wp-content\/uploads\/2013\/05\/exposicion-foto-morety-2013-522.jpg\"><img loading=\"lazy\" decoding=\"async\" class=\"aligncenter size-medium wp-image-2424\" alt=\"exposicion - Foto Morety 2013 522\" src=\"http:\/\/localhost:81\/turismo\/blog\/wp-content\/uploads\/2013\/05\/exposicion-foto-morety-2013-522.jpg?w=300\" width=\"300\" height=\"200\" srcset=\"https:\/\/www.turismocaravaca.com\/blog\/wp-content\/uploads\/2013\/05\/exposicion-foto-morety-2013-522.jpg 3504w, https:\/\/www.turismocaravaca.com\/blog\/wp-content\/uploads\/2013\/05\/exposicion-foto-morety-2013-522-300x200.jpg 300w, https:\/\/www.turismocaravaca.com\/blog\/wp-content\/uploads\/2013\/05\/exposicion-foto-morety-2013-522-1024x683.jpg 1024w\" sizes=\"(max-width: 300px) 100vw, 300px\" \/><\/a>\u00a0\u00a0\u00a0\u00a0\u00a0 Eso si, no olvidar que est\u00e1 exposici\u00f3n permanecer\u00e1 abierta solo <b>hasta el pr\u00f3ximo d\u00eda 30 de mayo. <\/b><\/p>\n<p style=\"text-align:center;\" align=\"center\">\u00a1\u00a1An\u00edmate a venir que queda poco tiempo!!<\/p>\n","protected":false},"excerpt":{"rendered":"<p>\u00a0\u00a0\u00a0\u00a0 Aprovechamos para recordaros que desde el pasado d\u00eda 7 de mayo se encuentra abierta al p\u00fablico y de manera GRATUITA la Exposici\u00f3n de Mantos de los Caballos del Vino de este a\u00f1o 2013. \u00a0\u00a0\u00a0\u00a0 Dicha exposici\u00f3n se encuentra ubicada en pleno coraz\u00f3n de nuestra ciudad, en la Antigua Iglesia de la Compa\u00f1\u00eda de Jes\u00fas [&hellip;]<\/p>\n","protected":false},"author":2,"featured_media":0,"comment_status":"open","ping_status":"open","sticky":false,"template":"","format":"standard","meta":{"footnotes":""},"categories":[3,4,5,2126,16,20,25],"tags":[177,299,316,356,364,813,869,1042,1043,1278,1279],"class_list":["post-2422","post","type-post","status-publish","format-standard","hentry","category-actividades","category-arte","category-artesania","category-espanol","category-exposiones","category-horarios-2","category-museos-3","tag-antigua-iglesia-compania-de-jesus","tag-bordadoras","tag-caballos-del-vino","tag-caravaca","tag-caravaca-de-la-cruz","tag-enjaezamientos","tag-exposicion","tag-gratis","tag-gratuita","tag-manto","tag-mantos"],"_links":{"self":[{"href":"https:\/\/www.turismocaravaca.com\/blog\/wp-json\/wp\/v2\/posts\/2422"}],"collection":[{"href":"https:\/\/www.turismocaravaca.com\/blog\/wp-json\/wp\/v2\/posts"}],"about":[{"href":"https:\/\/www.turismocaravaca.com\/blog\/wp-json\/wp\/v2\/types\/post"}],"author":[{"embeddable":true,"href":"https:\/\/www.turismocaravaca.com\/blog\/wp-json\/wp\/v2\/users\/2"}],"replies":[{"embeddable":true,"href":"https:\/\/www.turismocaravaca.com\/blog\/wp-json\/wp\/v2\/comments?post=2422"}],"version-history":[{"count":1,"href":"https:\/\/www.turismocaravaca.com\/blog\/wp-json\/wp\/v2\/posts\/2422\/revisions"}],"predecessor-version":[{"id":6282,"href":"https:\/\/www.turismocaravaca.com\/blog\/wp-json\/wp\/v2\/posts\/2422\/revisions\/6282"}],"wp:attachment":[{"href":"https:\/\/www.turismocaravaca.com\/blog\/wp-json\/wp\/v2\/media?parent=2422"}],"wp:term":[{"taxonomy":"category","embeddable":true,"href":"https:\/\/www.turismocaravaca.com\/blog\/wp-json\/wp\/v2\/categories?post=2422"},{"taxonomy":"post_tag","embeddable":true,"href":"https:\/\/www.turismocaravaca.com\/blog\/wp-json\/wp\/v2\/tags?post=2422"}],"curies":[{"name":"wp","href":"https:\/\/api.w.org\/{rel}","templated":true}]}}