{"id":2493,"date":"2013-07-17T07:48:49","date_gmt":"2013-07-17T07:48:49","guid":{"rendered":"http:\/\/turismocaravaca.wordpress.com\/?p=2493"},"modified":"2017-09-04T16:42:39","modified_gmt":"2017-09-04T16:42:39","slug":"te-apuntas-es-gratis","status":"publish","type":"post","link":"https:\/\/www.turismocaravaca.com\/blog\/te-apuntas-es-gratis\/","title":{"rendered":"\u00bfTe apuntas?  Es gratis!!!"},"content":{"rendered":"<p style=\"text-align:justify;\"><a href=\"http:\/\/localhost:81\/turismo\/blog\/wp-content\/uploads\/2013\/07\/templete-1.jpg\"><img loading=\"lazy\" decoding=\"async\" class=\" wp-image alignleft\" id=\"i-2496\" alt=\"Imagen\" src=\"http:\/\/localhost:81\/turismo\/blog\/wp-content\/uploads\/2013\/07\/templete-1.jpg?w=514\" width=\"165\" height=\"217\" \/><\/a>Este <strong>s\u00e1bado, 20 de Julio,<\/strong> ven a Caravaca de la Cruz.<\/p>\n<p style=\"text-align:justify;\">Te ofrecemos una nueva visita guiada gratuita por la Ciudad, en la que conocer\u00e1s, de la mano de una gu\u00eda oficial de turismo, el gran legado monumental y art\u00edstico que posee nuestra Ciudad.<\/p>\n<p style=\"text-align:justify;\">Un agradable paseo que parte a las 19h. del Templete y que recorrer\u00e1 la Glorieta caravaque\u00f1a, calle Mayor, Parroquia del Salvador, Bas\u00edlica-Santuario de la Vera Cruz y Plaza del Arco.<\/p>\n<p style=\"text-align:center;\">\u00a0\u00a0\u00a0\u00a0 <a href=\"http:\/\/localhost:81\/turismo\/blog\/wp-content\/uploads\/2013\/07\/altar-iglesia-de-el-salvador-estacic3b3n-jubilar.jpg\"><img loading=\"lazy\" decoding=\"async\" class=\" wp-image aligncenter\" id=\"i-2499\" alt=\"Imagen\" src=\"http:\/\/localhost:81\/turismo\/blog\/wp-content\/uploads\/2013\/07\/altar-iglesia-de-el-salvador-estacic3b3n-jubilar.jpg?w=650\" width=\"361\" height=\"255\" \/><\/a><\/p>\n<p style=\"text-align:center;\"><strong>Recuerda que es indispensable que reserves con antelaci\u00f3n en la Oficina de Turismo, tel\u00e9fono: 968 702 424. Llama y ap\u00fantate, disfruta y conoce una Ciudad llena de hi<\/strong><strong>storia.<\/strong><\/p>\n","protected":false},"excerpt":{"rendered":"<p>Este s\u00e1bado, 20 de Julio, ven a Caravaca de la Cruz. Te ofrecemos una nueva visita guiada gratuita por la Ciudad, en la que conocer\u00e1s, de la mano de una gu\u00eda oficial de turismo, el gran legado monumental y art\u00edstico que posee nuestra Ciudad. Un agradable paseo que parte a las 19h. del Templete y [&hellip;]<\/p>\n","protected":false},"author":2,"featured_media":0,"comment_status":"open","ping_status":"open","sticky":false,"template":"","format":"standard","meta":{"footnotes":""},"categories":[2126,30],"tags":[356,364,1064,1982,1987,1995,2006,2068],"class_list":["post-2493","post","type-post","status-publish","format-standard","hentry","category-espanol","category-rutas","tag-caravaca","tag-caravaca-de-la-cruz","tag-historia","tag-turismo","tag-turismo-cultural","tag-turismo-en-caravaca-de-la-cruz","tag-turismo-religioso","tag-visitas-guiadas"],"_links":{"self":[{"href":"https:\/\/www.turismocaravaca.com\/blog\/wp-json\/wp\/v2\/posts\/2493"}],"collection":[{"href":"https:\/\/www.turismocaravaca.com\/blog\/wp-json\/wp\/v2\/posts"}],"about":[{"href":"https:\/\/www.turismocaravaca.com\/blog\/wp-json\/wp\/v2\/types\/post"}],"author":[{"embeddable":true,"href":"https:\/\/www.turismocaravaca.com\/blog\/wp-json\/wp\/v2\/users\/2"}],"replies":[{"embeddable":true,"href":"https:\/\/www.turismocaravaca.com\/blog\/wp-json\/wp\/v2\/comments?post=2493"}],"version-history":[{"count":1,"href":"https:\/\/www.turismocaravaca.com\/blog\/wp-json\/wp\/v2\/posts\/2493\/revisions"}],"predecessor-version":[{"id":6370,"href":"https:\/\/www.turismocaravaca.com\/blog\/wp-json\/wp\/v2\/posts\/2493\/revisions\/6370"}],"wp:attachment":[{"href":"https:\/\/www.turismocaravaca.com\/blog\/wp-json\/wp\/v2\/media?parent=2493"}],"wp:term":[{"taxonomy":"category","embeddable":true,"href":"https:\/\/www.turismocaravaca.com\/blog\/wp-json\/wp\/v2\/categories?post=2493"},{"taxonomy":"post_tag","embeddable":true,"href":"https:\/\/www.turismocaravaca.com\/blog\/wp-json\/wp\/v2\/tags?post=2493"}],"curies":[{"name":"wp","href":"https:\/\/api.w.org\/{rel}","templated":true}]}}