{"id":2549,"date":"2013-07-23T07:55:19","date_gmt":"2013-07-23T07:55:19","guid":{"rendered":"http:\/\/turismocaravaca.wordpress.com\/?p=2549"},"modified":"2017-09-04T16:42:39","modified_gmt":"2017-09-04T16:42:39","slug":"aun-no-sabes-que-ya-ha-empezado-la-semana-de-teatro-en-caravaca","status":"publish","type":"post","link":"https:\/\/www.turismocaravaca.com\/blog\/aun-no-sabes-que-ya-ha-empezado-la-semana-de-teatro-en-caravaca\/","title":{"rendered":"\u00bfAun no sabes que ya ha empezado la Semana de Teatro en Caravaca?"},"content":{"rendered":"<p style=\"text-align:justify;\">\u00a0\u00a0\u00a0\u00a0 Caravaca celebra su <b>XXXIII Semana de Teatro<\/b> del <b>22 al 28 de julio<\/b>, as\u00ed que aun estas a tiempo para poder disfrutar de esta semana cultural.<\/p>\n<p style=\"text-align:justify;\">\u00a0\u00a0\u00a0\u00a0 Desde la Concejal\u00eda de Cultura, se han programado cinco obras para el p\u00fablico adulto y dos para p\u00fablico infantil.<\/p>\n<p style=\"text-align:justify;\"><a href=\"http:\/\/localhost:81\/turismo\/blog\/wp-content\/uploads\/2013\/07\/sem-teatro.jpg\"><img loading=\"lazy\" decoding=\"async\" class=\"aligncenter size-large wp-image-2550\" alt=\"sem teatro\" src=\"http:\/\/localhost:81\/turismo\/blog\/wp-content\/uploads\/2013\/07\/sem-teatro.jpg?w=529\" width=\"529\" height=\"362\" srcset=\"https:\/\/www.turismocaravaca.com\/blog\/wp-content\/uploads\/2013\/07\/sem-teatro.jpg 1569w, https:\/\/www.turismocaravaca.com\/blog\/wp-content\/uploads\/2013\/07\/sem-teatro-300x206.jpg 300w, https:\/\/www.turismocaravaca.com\/blog\/wp-content\/uploads\/2013\/07\/sem-teatro-1024x702.jpg 1024w\" sizes=\"(max-width: 529px) 100vw, 529px\" \/><\/a> \u00a0 \u00a0 Como pod\u00e9is ver en la programaci\u00f3n, predominan las comedias y las compa\u00f1\u00edas teatrales murcianas.<\/p>\n<p style=\"text-align:justify;\">\u00a0\u00a0\u00a0\u00a0 Esta, es una ocasi\u00f3n estupenda para acercarse a Caravaca de la Cruz y poder disfrutar de su cultura, a la vez que de su patrimonio monumental e hist\u00f3rico y de todo su potencial tur\u00edstico.<\/p>\n<p style=\"text-align:justify;\">\u00a0\u00a0\u00a0 Las entradas las pod\u00e9is adquirir de forma anticipada en Nueva Joyer\u00eda (C\/ Mayor), o en la taquilla del teatro el mismo d\u00eda de la representaci\u00f3n.<\/p>\n<p style=\"text-align:justify;\">\u00a0\u00a0\u00a0 El <strong>precio<\/strong> de la<b><a href=\"http:\/\/localhost:81\/turismo\/blog\/wp-content\/uploads\/2013\/07\/semana-teatro-cartel.jpg\"><img loading=\"lazy\" decoding=\"async\" class=\"alignleft size-medium wp-image-2551\" alt=\"SEMANA TEATRO CARTEL\" src=\"http:\/\/localhost:81\/turismo\/blog\/wp-content\/uploads\/2013\/07\/semana-teatro-cartel.jpg?w=219\" width=\"219\" height=\"300\" srcset=\"https:\/\/www.turismocaravaca.com\/blog\/wp-content\/uploads\/2013\/07\/semana-teatro-cartel.jpg 1727w, https:\/\/www.turismocaravaca.com\/blog\/wp-content\/uploads\/2013\/07\/semana-teatro-cartel-219x300.jpg 219w, https:\/\/www.turismocaravaca.com\/blog\/wp-content\/uploads\/2013\/07\/semana-teatro-cartel-749x1024.jpg 749w\" sizes=\"(max-width: 219px) 100vw, 219px\" \/><\/a><\/b>s entradas es del 8 euros normal y 6 euros reducida, a excepci\u00f3n de \u201cMejor viuda que mal casada\u201d que es de 10 euros y 8 euros reducida. El precio de entrada de las obras infantiles es de 3 euros.<\/p>\n<p style=\"text-align:justify;\">\u00a0\u00a0\u00a0\u00a0 Las distintas representaciones tendr\u00e1n lugar en el <b>Teatro Thuillier<\/b> a las <b>22:30 horas<\/b>. Las obras infantiles, programadas para el s\u00e1bado y el domingo, tendr\u00e1n lugar a las <b>20:30 horas.<\/b><\/p>\n<p>&nbsp;<\/p>\n<p>&nbsp;<\/p>\n","protected":false},"excerpt":{"rendered":"<p>\u00a0\u00a0\u00a0\u00a0 Caravaca celebra su XXXIII Semana de Teatro del 22 al 28 de julio, as\u00ed que aun estas a tiempo para poder disfrutar de esta semana cultural. \u00a0\u00a0\u00a0\u00a0 Desde la Concejal\u00eda de Cultura, se han programado cinco obras para el p\u00fablico adulto y dos para p\u00fablico infantil. \u00a0 \u00a0 Como pod\u00e9is ver en la programaci\u00f3n, [&hellip;]<\/p>\n","protected":false},"author":2,"featured_media":0,"comment_status":"open","ping_status":"open","sticky":false,"template":"","format":"standard","meta":{"footnotes":""},"categories":[3,2126,14,20,34],"tags":[356,364,513,789,822,823,1729,1742,1832,1902,1908,1918,2096],"class_list":["post-2549","post","type-post","status-publish","format-standard","hentry","category-actividades","category-espanol","category-eventos","category-horarios-2","category-uncategorized","tag-caravaca","tag-caravaca-de-la-cruz","tag-comedias","tag-el-teatro","tag-entrada-reducida","tag-entradas","tag-reducidas","tag-representaciones","tag-semana-de-teatro","tag-teatro","tag-teatro-infantil","tag-teatro-thuillier","tag-xxxiii-semana-de-teatro"],"_links":{"self":[{"href":"https:\/\/www.turismocaravaca.com\/blog\/wp-json\/wp\/v2\/posts\/2549"}],"collection":[{"href":"https:\/\/www.turismocaravaca.com\/blog\/wp-json\/wp\/v2\/posts"}],"about":[{"href":"https:\/\/www.turismocaravaca.com\/blog\/wp-json\/wp\/v2\/types\/post"}],"author":[{"embeddable":true,"href":"https:\/\/www.turismocaravaca.com\/blog\/wp-json\/wp\/v2\/users\/2"}],"replies":[{"embeddable":true,"href":"https:\/\/www.turismocaravaca.com\/blog\/wp-json\/wp\/v2\/comments?post=2549"}],"version-history":[{"count":1,"href":"https:\/\/www.turismocaravaca.com\/blog\/wp-json\/wp\/v2\/posts\/2549\/revisions"}],"predecessor-version":[{"id":6368,"href":"https:\/\/www.turismocaravaca.com\/blog\/wp-json\/wp\/v2\/posts\/2549\/revisions\/6368"}],"wp:attachment":[{"href":"https:\/\/www.turismocaravaca.com\/blog\/wp-json\/wp\/v2\/media?parent=2549"}],"wp:term":[{"taxonomy":"category","embeddable":true,"href":"https:\/\/www.turismocaravaca.com\/blog\/wp-json\/wp\/v2\/categories?post=2549"},{"taxonomy":"post_tag","embeddable":true,"href":"https:\/\/www.turismocaravaca.com\/blog\/wp-json\/wp\/v2\/tags?post=2549"}],"curies":[{"name":"wp","href":"https:\/\/api.w.org\/{rel}","templated":true}]}}