{"id":256,"date":"2012-02-23T12:16:28","date_gmt":"2012-02-23T12:16:28","guid":{"rendered":"http:\/\/turismocaravaca.wordpress.com\/?p=256"},"modified":"2017-09-04T16:38:25","modified_gmt":"2017-09-04T16:38:25","slug":"xviii-concurso-canino-caravaca-de-la-cruz","status":"publish","type":"post","link":"https:\/\/www.turismocaravaca.com\/blog\/xviii-concurso-canino-caravaca-de-la-cruz\/","title":{"rendered":"XVIII Concurso Canino Caravaca de la Cruz"},"content":{"rendered":"<p style=\"text-align:left;\"><a href=\"http:\/\/localhost:81\/turismo\/blog\/wp-content\/uploads\/2012\/02\/exposicic3b3n-canina-caravaca2012.jpg\"><img loading=\"lazy\" decoding=\"async\" class=\"alignright  wp-image-257\" title=\"exposici\u00f3n canina caravaca2012\" src=\"http:\/\/localhost:81\/turismo\/blog\/wp-content\/uploads\/2012\/02\/exposicic3b3n-canina-caravaca2012.jpg?w=244\" alt=\"\" width=\"267\" height=\"333\" \/><\/a><\/p>\n<p style=\"text-align:left;\">Hola de nuevo amigos:<\/p>\n<p style=\"text-align:left;\">Si os gusta el mundo canino el pr\u00f3ximo 25 de marzo ten\u00e9is una cita en Caravaca de la Cruz. Un a\u00f1o m\u00e1s, en este 2012, celebramos\u00a0la VII Exposici\u00f3n Nacional e Internacional y XVIII Concurso Canino. Podr\u00e9is disfrutar\u00a0de todo esto en el Recinto Ferial de\u00a0Cavila. Una\u00a0fant\u00e1stica Feria para los amantes de los perros. Y no olvides, si quieres, inscribirte con tu mascota o simplemente acompa\u00f1arnos en este d\u00eda.\u00a0<\/p>\n","protected":false},"excerpt":{"rendered":"<p>Hola de nuevo amigos: Si os gusta el mundo canino el pr\u00f3ximo 25 de marzo ten\u00e9is una cita en Caravaca de la Cruz. Un a\u00f1o m\u00e1s, en este 2012, celebramos\u00a0la VII Exposici\u00f3n Nacional e Internacional y XVIII Concurso Canino. Podr\u00e9is disfrutar\u00a0de todo esto en el Recinto Ferial de\u00a0Cavila. Una\u00a0fant\u00e1stica Feria para los amantes de los [&hellip;]<\/p>\n","protected":false},"author":2,"featured_media":0,"comment_status":"open","ping_status":"open","sticky":false,"template":"","format":"standard","meta":{"footnotes":""},"categories":[3,2126],"tags":[],"class_list":["post-256","post","type-post","status-publish","format-standard","hentry","category-actividades","category-espanol"],"_links":{"self":[{"href":"https:\/\/www.turismocaravaca.com\/blog\/wp-json\/wp\/v2\/posts\/256"}],"collection":[{"href":"https:\/\/www.turismocaravaca.com\/blog\/wp-json\/wp\/v2\/posts"}],"about":[{"href":"https:\/\/www.turismocaravaca.com\/blog\/wp-json\/wp\/v2\/types\/post"}],"author":[{"embeddable":true,"href":"https:\/\/www.turismocaravaca.com\/blog\/wp-json\/wp\/v2\/users\/2"}],"replies":[{"embeddable":true,"href":"https:\/\/www.turismocaravaca.com\/blog\/wp-json\/wp\/v2\/comments?post=256"}],"version-history":[{"count":1,"href":"https:\/\/www.turismocaravaca.com\/blog\/wp-json\/wp\/v2\/posts\/256\/revisions"}],"predecessor-version":[{"id":6266,"href":"https:\/\/www.turismocaravaca.com\/blog\/wp-json\/wp\/v2\/posts\/256\/revisions\/6266"}],"wp:attachment":[{"href":"https:\/\/www.turismocaravaca.com\/blog\/wp-json\/wp\/v2\/media?parent=256"}],"wp:term":[{"taxonomy":"category","embeddable":true,"href":"https:\/\/www.turismocaravaca.com\/blog\/wp-json\/wp\/v2\/categories?post=256"},{"taxonomy":"post_tag","embeddable":true,"href":"https:\/\/www.turismocaravaca.com\/blog\/wp-json\/wp\/v2\/tags?post=256"}],"curies":[{"name":"wp","href":"https:\/\/api.w.org\/{rel}","templated":true}]}}