{"id":2560,"date":"2013-07-30T12:52:55","date_gmt":"2013-07-30T12:52:55","guid":{"rendered":"http:\/\/turismocaravaca.wordpress.com\/?p=2560"},"modified":"2017-09-04T16:42:39","modified_gmt":"2017-09-04T16:42:39","slug":"este-verano-diviertete-con-las-visitas-nocturnas-al-castillo-de-caravaca","status":"publish","type":"post","link":"https:\/\/www.turismocaravaca.com\/blog\/este-verano-diviertete-con-las-visitas-nocturnas-al-castillo-de-caravaca\/","title":{"rendered":"Este verano, divi\u00e9rtete con las Visitas Nocturnas al Castillo de Caravaca"},"content":{"rendered":"<p style=\"text-align:justify;\">\u00a0\u00a0\u00a0\u00a0\u00a0 Como cada a\u00f1o del <b>1 al 31 de agosto<\/b> podr\u00e9is disfrutar de las <b>Visitas Nocturnas teatralizadas al Castillo y Bas\u00edlica de de la Vera Cruz.<\/b><\/p>\n<p style=\"text-align:justify;\">\u00a0\u00a0\u00a0\u00a0 Un grupo de personajes te sumergen de una forma muy divertida y amena en la historia de la Caravaca, concretamente en el a\u00f1o 1907, cuando tuvo lugar la primera gran peregrinaci\u00f3n levantina a la ciudad y las fiestas patronales se celebraron dos veces en un mismo a\u00f1o.<\/p>\n<p style=\"text-align:justify;\">\u00a0\u00a0\u00a0\u00a0 Cada a\u00f1o se prepara una visita diferente, con <strong>contenidos novedosos y divertidos<\/strong>, pero que siempre tienen como referencia acontecimientos hist\u00f3ricos, aunque el escenario donde se desarrolla la visita sigue siendo el Castillo y Bas\u00edlica-Santuario, se ha cambiado el gui\u00f3n y los contenidos, los personajes que intervienen y entretejen la visita y hasta la forma de relatar la aparici\u00f3n de la Santa Cruz.<\/p>\n<p style=\"text-align:justify;\">\u00a0\u00a0\u00a0\u00a0 La actividad estar\u00e1 guiada e interpretada por Don Antonio de B\u00e9jar<i>, <\/i>ingeniero, propietario y aprendiz de historiador, principal impulsor de las obras realizadas en el Santuario. El erudito estar\u00e1 acompa\u00f1ado y complementado por Juan Pedro, colector de limosnas en los Campos; \u201cManolillo\u201d, ayudante en las labores del Santuario, y Mar\u00eda del Lucero, aflamencada santera de La Encarnaci\u00f3n, aficionada al cante y los toros que seguramente conectar\u00e1 y recibir\u00e1 las simpat\u00edas del p\u00fablico asistente.<\/p>\n<p style=\"text-align:justify;\">\u00a0\u00a0\u00a0\u00a0 Los cuatro personajes mostrar\u00e1n algunos espacios del conjunto monumental mientras que interpretan diversos pasajes de la historia de Caravaca, pero siempre ser\u00e1 necesaria de la participaci\u00f3n de las personas que cada noche visitan el Castillo, puesto que el p\u00fablico es el principal actor para desarrollar este singular producto cultural y tur\u00edstico.<\/p>\n<p style=\"text-align:justify;\"><a href=\"http:\/\/localhost:81\/turismo\/blog\/wp-content\/uploads\/2013\/07\/visitas-nocturnas-2013.jpg\"><img loading=\"lazy\" decoding=\"async\" class=\"aligncenter size-large wp-image-2561\" alt=\"VISITAS NOCTURNAS 2013\" src=\"http:\/\/localhost:81\/turismo\/blog\/wp-content\/uploads\/2013\/07\/visitas-nocturnas-2013.jpg?w=529\" width=\"529\" height=\"755\" srcset=\"https:\/\/www.turismocaravaca.com\/blog\/wp-content\/uploads\/2013\/07\/visitas-nocturnas-2013.jpg 1654w, https:\/\/www.turismocaravaca.com\/blog\/wp-content\/uploads\/2013\/07\/visitas-nocturnas-2013-210x300.jpg 210w, https:\/\/www.turismocaravaca.com\/blog\/wp-content\/uploads\/2013\/07\/visitas-nocturnas-2013-717x1024.jpg 717w\" sizes=\"(max-width: 529px) 100vw, 529px\" \/><\/a>\u00a0\u00a0\u00a0\u00a0 Todas las noches, exceptuando los lunes, <b>a las 22.00 horas<\/b> pod\u00e9is pasar una velada diferente, apta para todos los p\u00fablicos.<\/p>\n<p style=\"text-align:justify;\">\u00a0\u00a0\u00a0\u00a0 Las <b>entradas<\/b> ya est\u00e1n a la <b>venta<\/b> en el Museo de la Fiesta y el Museo de la Vera Cruz (en horario de 10 a 14 horas). Igualmente se pueden realizar reservas o <b>compra anticipada <\/b>llamando al tel\u00e9fono 968 705 620 de Caravaca Jubilar (horario de 10 a 14 horas). Tambi\u00e9n se pueden adquirir cada noche en el propio castillo.<strong>\u00a0\u00a0\u00a0\u00a0\u00a0\u00a0\u00a0\u00a0<\/strong><strong><\/strong><\/p>\n<p style=\"text-align:justify;\"><strong>Precios de la entrada.-\u00a0\u00a0\u00a0\u00a0\u00a0\u00a0\u00a0\u00a0\u00a0\u00a0\u00a0\u00a0\u00a0\u00a0\u00a0\u00a0\u00a0\u00a0\u00a0\u00a0\u00a0\u00a0\u00a0\u00a0\u00a0\u00a0\u00a0\u00a0\u00a0\u00a0\u00a0\u00a0\u00a0<\/strong><\/p>\n<p style=\"text-align:justify;\">Normal: 4 euros.<\/p>\n<p style=\"text-align:justify;\">Pensionistas y jubilados: 3 euros.<\/p>\n<p style=\"text-align:justify;\">J\u00f3venes entre 7 y 14 a\u00f1os: 2 euros.<\/p>\n<p style=\"text-align:justify;\">Ni\u00f1os menores de 7 a\u00f1os: gratuita.<\/p>\n<p style=\"text-align:center;\">Pasa una noche diferente y divertida en el Castillo de Caravaca<\/p>\n<p style=\"text-align:justify;\">\n<p>&nbsp;<\/p>\n","protected":false},"excerpt":{"rendered":"<p>\u00a0\u00a0\u00a0\u00a0\u00a0 Como cada a\u00f1o del 1 al 31 de agosto podr\u00e9is disfrutar de las Visitas Nocturnas teatralizadas al Castillo y Bas\u00edlica de de la Vera Cruz. \u00a0\u00a0\u00a0\u00a0 Un grupo de personajes te sumergen de una forma muy divertida y amena en la historia de la Caravaca, concretamente en el a\u00f1o 1907, cuando tuvo lugar la [&hellip;]<\/p>\n","protected":false},"author":2,"featured_media":0,"comment_status":"open","ping_status":"open","sticky":false,"template":"","format":"standard","meta":{"footnotes":""},"categories":[3,6,8,2126,14,20,24,31,34],"tags":[262,356,364,442,1822,2032,2057],"class_list":["post-2560","post","type-post","status-publish","format-standard","hentry","category-actividades","category-basilicas","category-castillos","category-espanol","category-eventos","category-horarios-2","category-monumentos-2","category-santuarios","category-uncategorized","tag-basilica","tag-caravaca","tag-caravaca-de-la-cruz","tag-castillo","tag-santuario","tag-vera-cruz","tag-visita-teatralizada-nocturna"],"_links":{"self":[{"href":"https:\/\/www.turismocaravaca.com\/blog\/wp-json\/wp\/v2\/posts\/2560"}],"collection":[{"href":"https:\/\/www.turismocaravaca.com\/blog\/wp-json\/wp\/v2\/posts"}],"about":[{"href":"https:\/\/www.turismocaravaca.com\/blog\/wp-json\/wp\/v2\/types\/post"}],"author":[{"embeddable":true,"href":"https:\/\/www.turismocaravaca.com\/blog\/wp-json\/wp\/v2\/users\/2"}],"replies":[{"embeddable":true,"href":"https:\/\/www.turismocaravaca.com\/blog\/wp-json\/wp\/v2\/comments?post=2560"}],"version-history":[{"count":1,"href":"https:\/\/www.turismocaravaca.com\/blog\/wp-json\/wp\/v2\/posts\/2560\/revisions"}],"predecessor-version":[{"id":6366,"href":"https:\/\/www.turismocaravaca.com\/blog\/wp-json\/wp\/v2\/posts\/2560\/revisions\/6366"}],"wp:attachment":[{"href":"https:\/\/www.turismocaravaca.com\/blog\/wp-json\/wp\/v2\/media?parent=2560"}],"wp:term":[{"taxonomy":"category","embeddable":true,"href":"https:\/\/www.turismocaravaca.com\/blog\/wp-json\/wp\/v2\/categories?post=2560"},{"taxonomy":"post_tag","embeddable":true,"href":"https:\/\/www.turismocaravaca.com\/blog\/wp-json\/wp\/v2\/tags?post=2560"}],"curies":[{"name":"wp","href":"https:\/\/api.w.org\/{rel}","templated":true}]}}