{"id":2563,"date":"2013-08-01T12:49:47","date_gmt":"2013-08-01T12:49:47","guid":{"rendered":"http:\/\/turismocaravaca.wordpress.com\/?p=2563"},"modified":"2017-09-04T16:42:39","modified_gmt":"2017-09-04T16:42:39","slug":"que-no-se-pierdan-las-tradiciones","status":"publish","type":"post","link":"https:\/\/www.turismocaravaca.com\/blog\/que-no-se-pierdan-las-tradiciones\/","title":{"rendered":"Que no se pierdan las tradiciones!!!"},"content":{"rendered":"<p style=\"text-align:justify;\">\u00a0\u00a0\u00a0\u00a0 El <b>d\u00eda 1 de agosto<\/b> es costumbre en Caravaca de la Cruz y su entorno, comer <b>ajo en el mortero<\/b>.<\/p>\n<p style=\"text-align:justify;\"><a href=\"http:\/\/localhost:81\/turismo\/blog\/wp-content\/uploads\/2013\/08\/mortero.jpg\"><img loading=\"lazy\" decoding=\"async\" class=\"alignright size-full wp-image-2564\" alt=\"mortero\" src=\"http:\/\/localhost:81\/turismo\/blog\/wp-content\/uploads\/2013\/08\/mortero.jpg\" width=\"268\" height=\"188\" \/><\/a>\u00a0\u00a0\u00a0\u00a0 La tradici\u00f3n dice que eso previene contra las <b>calenturas maltas<\/b> o <b>fiebre malta<\/b>. No falta quien conjetura que esta fiesta fue promovida por los Jesuitas que tuvieron sede y colegio en Caravaca hasta su expulsi\u00f3n (no en balde el jesuita San Ignacio de Loyola, abogado contra las calenturas, tiene su onom\u00e1stica el d\u00eda 31 de julio).<\/p>\n<p style=\"text-align:justify;\">\u00a0\u00a0\u00a0\u00a0 As\u00ed que hoy, desde aqu\u00ed queremos invitar a la gente a que se re\u00fana con su familia, con amigos, etc., y que coman ajo acompa\u00f1ado con cualquier otra cosa.<\/p>\n<p align=\"center\"><a href=\"http:\/\/localhost:81\/turismo\/blog\/wp-content\/uploads\/2013\/08\/patatas-con-ajo.jpg\"><img loading=\"lazy\" decoding=\"async\" class=\"aligncenter size-full wp-image-2565\" alt=\"Patatas con ajo\" src=\"http:\/\/localhost:81\/turismo\/blog\/wp-content\/uploads\/2013\/08\/patatas-con-ajo.jpg\" width=\"300\" height=\"194\" \/><\/a><b>\u00a1\u00a1Que no se pierdan estas tradiciones!!<\/b><\/p>\n","protected":false},"excerpt":{"rendered":"<p>\u00a0\u00a0\u00a0\u00a0 El d\u00eda 1 de agosto es costumbre en Caravaca de la Cruz y su entorno, comer ajo en el mortero. \u00a0\u00a0\u00a0\u00a0 La tradici\u00f3n dice que eso previene contra las calenturas maltas o fiebre malta. No falta quien conjetura que esta fiesta fue promovida por los Jesuitas que tuvieron sede y colegio en Caravaca hasta [&hellip;]<\/p>\n","protected":false},"author":2,"featured_media":0,"comment_status":"open","ping_status":"open","sticky":false,"template":"","format":"standard","meta":{"footnotes":""},"categories":[2126,14,19,34],"tags":[36,148,149,150,323,324,325,356,364,514,958,1275,1802,1963],"class_list":["post-2563","post","type-post","status-publish","format-standard","hentry","category-espanol","category-eventos","category-gastronomia-3","category-uncategorized","tag-1-de-agosto","tag-ajo","tag-ajo-aceite","tag-ajo-en-el-mortero","tag-calentura","tag-calentura-malta","tag-calenturas","tag-caravaca","tag-caravaca-de-la-cruz","tag-comer-ajo","tag-fiebre-malta","tag-maltas","tag-san-ignacio-de-loyola","tag-tradicion"],"_links":{"self":[{"href":"https:\/\/www.turismocaravaca.com\/blog\/wp-json\/wp\/v2\/posts\/2563"}],"collection":[{"href":"https:\/\/www.turismocaravaca.com\/blog\/wp-json\/wp\/v2\/posts"}],"about":[{"href":"https:\/\/www.turismocaravaca.com\/blog\/wp-json\/wp\/v2\/types\/post"}],"author":[{"embeddable":true,"href":"https:\/\/www.turismocaravaca.com\/blog\/wp-json\/wp\/v2\/users\/2"}],"replies":[{"embeddable":true,"href":"https:\/\/www.turismocaravaca.com\/blog\/wp-json\/wp\/v2\/comments?post=2563"}],"version-history":[{"count":1,"href":"https:\/\/www.turismocaravaca.com\/blog\/wp-json\/wp\/v2\/posts\/2563\/revisions"}],"predecessor-version":[{"id":6365,"href":"https:\/\/www.turismocaravaca.com\/blog\/wp-json\/wp\/v2\/posts\/2563\/revisions\/6365"}],"wp:attachment":[{"href":"https:\/\/www.turismocaravaca.com\/blog\/wp-json\/wp\/v2\/media?parent=2563"}],"wp:term":[{"taxonomy":"category","embeddable":true,"href":"https:\/\/www.turismocaravaca.com\/blog\/wp-json\/wp\/v2\/categories?post=2563"},{"taxonomy":"post_tag","embeddable":true,"href":"https:\/\/www.turismocaravaca.com\/blog\/wp-json\/wp\/v2\/tags?post=2563"}],"curies":[{"name":"wp","href":"https:\/\/api.w.org\/{rel}","templated":true}]}}