{"id":2567,"date":"2013-08-06T10:43:29","date_gmt":"2013-08-06T10:43:29","guid":{"rendered":"http:\/\/turismocaravaca.wordpress.com\/?p=2567"},"modified":"2017-09-04T16:42:38","modified_gmt":"2017-09-04T16:42:38","slug":"te-vienes-de-ruta","status":"publish","type":"post","link":"https:\/\/www.turismocaravaca.com\/blog\/te-vienes-de-ruta\/","title":{"rendered":"\u00bfTe vienes de ruta?"},"content":{"rendered":"<p>Animate y ven con nosotros a la tercera visita guiada por el patrimonio cultural y natural de Caravaca de la Cruz. Tan solo has de llamarnos y apuntarte en nuestra <strong>Oficina de Turismo: 968 702 424.<\/strong><\/p>\n<p>Este pr\u00f3ximo domingo 11 de agosto tenemos ruta de media jornada, que recorrer\u00e1 en primer lugar el entorno natural del r\u00edo Qu\u00edpar y los yacimientos arqueol\u00f3gicos de la Cueva del Rey Moro, la Cueva Negra, Los Villares, Los Villaricos y las canteras y el templo romano de La Encarnaci\u00f3n.\u00a0<\/p>\n<p>El precio es de tan solo 3\u20ac por persona, precio del almuerzo que tomaremos en Pinilla, para tomar fuerzas y continuar hasta las 14h. visitando cosas muy interesantes, como La Torrecica, la Ermita y los restos de una <i>villae<\/i> romana de Singla.<\/p>\n<p style=\"text-align:center;\"><a href=\"http:\/\/localhost:81\/turismo\/blog\/wp-content\/uploads\/2013\/08\/itinerario-3.jpg\"><img loading=\"lazy\" decoding=\"async\" class=\" wp-image aligncenter\" id=\"i-2578\" alt=\"Imagen\" src=\"http:\/\/localhost:81\/turismo\/blog\/wp-content\/uploads\/2013\/08\/itinerario-3.jpg?w=650\" width=\"609\" height=\"521\" \/><\/a><\/p>\n","protected":false},"excerpt":{"rendered":"<p>Animate y ven con nosotros a la tercera visita guiada por el patrimonio cultural y natural de Caravaca de la Cruz. Tan solo has de llamarnos y apuntarte en nuestra Oficina de Turismo: 968 702 424. Este pr\u00f3ximo domingo 11 de agosto tenemos ruta de media jornada, que recorrer\u00e1 en primer lugar el entorno natural [&hellip;]<\/p>\n","protected":false},"author":2,"featured_media":0,"comment_status":"open","ping_status":"open","sticky":false,"template":"","format":"standard","meta":{"footnotes":""},"categories":[2126,34],"tags":[356,364,1775,2083],"class_list":["post-2567","post","type-post","status-publish","format-standard","hentry","category-espanol","category-uncategorized","tag-caravaca","tag-caravaca-de-la-cruz","tag-rutas-2","tag-visitas-pedanias"],"_links":{"self":[{"href":"https:\/\/www.turismocaravaca.com\/blog\/wp-json\/wp\/v2\/posts\/2567"}],"collection":[{"href":"https:\/\/www.turismocaravaca.com\/blog\/wp-json\/wp\/v2\/posts"}],"about":[{"href":"https:\/\/www.turismocaravaca.com\/blog\/wp-json\/wp\/v2\/types\/post"}],"author":[{"embeddable":true,"href":"https:\/\/www.turismocaravaca.com\/blog\/wp-json\/wp\/v2\/users\/2"}],"replies":[{"embeddable":true,"href":"https:\/\/www.turismocaravaca.com\/blog\/wp-json\/wp\/v2\/comments?post=2567"}],"version-history":[{"count":1,"href":"https:\/\/www.turismocaravaca.com\/blog\/wp-json\/wp\/v2\/posts\/2567\/revisions"}],"predecessor-version":[{"id":6364,"href":"https:\/\/www.turismocaravaca.com\/blog\/wp-json\/wp\/v2\/posts\/2567\/revisions\/6364"}],"wp:attachment":[{"href":"https:\/\/www.turismocaravaca.com\/blog\/wp-json\/wp\/v2\/media?parent=2567"}],"wp:term":[{"taxonomy":"category","embeddable":true,"href":"https:\/\/www.turismocaravaca.com\/blog\/wp-json\/wp\/v2\/categories?post=2567"},{"taxonomy":"post_tag","embeddable":true,"href":"https:\/\/www.turismocaravaca.com\/blog\/wp-json\/wp\/v2\/tags?post=2567"}],"curies":[{"name":"wp","href":"https:\/\/api.w.org\/{rel}","templated":true}]}}