{"id":2802,"date":"2013-11-19T13:28:34","date_gmt":"2013-11-19T13:28:34","guid":{"rendered":"http:\/\/turismocaravaca.wordpress.com\/?p=2802"},"modified":"2017-09-04T16:42:36","modified_gmt":"2017-09-04T16:42:36","slug":"sacofes-ii-salon-cofrade-y-festero-de-caravaca-de-la-cruz","status":"publish","type":"post","link":"https:\/\/www.turismocaravaca.com\/blog\/sacofes-ii-salon-cofrade-y-festero-de-caravaca-de-la-cruz\/","title":{"rendered":"SACOFES. II SAL\u00d3N COFRADE Y FESTERO DE CARAVACA DE LA CRUZ"},"content":{"rendered":"<p><!--[if gte mso 9]&gt;--><\/p>\n<p class=\"MsoNormal\" style=\"text-align:justify;text-indent:35.45pt;margin:6pt 0;\">Del <b>22 al 24 de Noviembre<\/b>, tendr\u00e1 lugar la <strong>II Edici\u00f3n del Sal\u00f3n Cofrade y Festero (SACOFES), en Caravaca de la Cruz.<\/strong><\/p>\n<p class=\"MsoNormal\" style=\"text-align:justify;text-indent:35.45pt;margin:6pt 0;\">SACOFES es organizado por la Asociaci\u00f3n Cultural Pe\u00f1a Caballista Califa y la Junta de Cofrad\u00edas de Semana Santa de Caravaca de la Cruz y cuentan con la colaboraci\u00f3n del Ayuntamiento de nuestra ciudad, la Cofrad\u00eda de la Stma. y Vera Cruz, la Banda de Cornetas y Tambores Virgen de los Dolores de Ceheg\u00edn y Comisi\u00f3n de Festejos. El objetivo de este sal\u00f3n, es crear un espacio para dar a conocer todo lo relacionado con el mundo de las cofrad\u00edas y la fiesta de la Regi\u00f3n de Murcia, contribuyendo tambi\u00e9n a la uni\u00f3n de todas las personas que componen este sector.<a href=\"http:\/\/localhost:81\/turismo\/blog\/wp-content\/uploads\/2013\/11\/sacofes2013.jpg\"><img loading=\"lazy\" decoding=\"async\" class=\"aligncenter size-large wp-image-2804\" alt=\"sacofes2013\" src=\"http:\/\/localhost:81\/turismo\/blog\/wp-content\/uploads\/2013\/11\/sacofes2013.jpg?w=529\" width=\"261\" height=\"346\" \/><\/a><\/p>\n<p class=\"MsoNormal\" style=\"text-align:justify;text-indent:35.45pt;margin:6pt 0;\">Este a\u00f1o se celebrar\u00e1 en la <b>Antigua<\/b><b> Iglesia<\/b><b> de la Compa\u00f1\u00eda de Jes\u00fas<\/b>, aunque tambi\u00e9n contaremos con conciertos y actividades en diversos lugares de la ciudad.<\/p>\n<p class=\"MsoNormal\" style=\"text-align:justify;text-indent:35.45pt;margin:6pt 0;\">La inauguraci\u00f3n ser\u00e1 el <b>viernes d\u00eda 22 a las 20 horas<\/b> en la Iglesia de la Compa\u00f1\u00eda, la cual permanecer\u00e1 abierta hasta las 22 horas. El horario del <b>s\u00e1bado <\/b>\u00a0ser\u00e1 de <b>10 a<\/b><b> 22 horas<\/b> y el <b>domingo de 10 a 21 horas<\/b>. El precio es gratuito.<\/p>\n<p class=\"MsoNormal\" style=\"text-align:justify;text-indent:35.45pt;\"><span style=\"color:black;\">Ya han confirmado su <b>participaci\u00f3n <\/b>en SACOFES 2013 las <b>bandas<\/b> de: Virgen de los Dolores (Ceheg\u00edn), Nuestro Padre Jes\u00fas Nazareno (Calasparra), Cruz de los Espejos (Archena), Cigarralero (Mula), Santiago Apostol (\u00c1guilas), Piedad (Torres de Cotillas), Virgen de los Dolores (\u00c1guilas), Virgen de los Dolores (Ricote), Nuestro Padre Jes\u00fas (Pliego), Santa Mar\u00eda Magdalen<\/span>ay Jes\u00fas del Amor Despojado <span style=\"color:black;\">(Blanca), Nuestro Padre Jes\u00fas del Amor (Alhama), San <\/span>Juan<span style=\"color:black;\"> Evangelista (Bullas) Virgen de los Dolores (Bullas). Estas agrupaciones ofrecer\u00e1n un <b>concierto gratuito<\/b> en la Plaza del Arco el domingo, 24 de noviembre, a partir de las 10.30 horas. <\/span><\/p>\n<p class=\"MsoNormal\" style=\"text-align:justify;text-indent:35.45pt;margin:6pt 0;\"><span style=\"color:#000000;\"><a href=\"http:\/\/www.sacofes.es\/descargas\/\"><span style=\"color:#000000;\">Aqu\u00ed<\/span><\/a> <\/span>pod\u00e9is consultar el programa en el que aparecen todas las actividades que se llevaran a cabo durante todo el fin de semana. Destacando entre ellas el <b>Concierto ben\u00e9fico a favor de Caritas<\/b> y dedicado al caravaque\u00f1o Pablo Guerrero, fundador de la Banda de Tambores y Cornetas de la Vera Cruz, que ser\u00e1 el <b>s\u00e1bado 23 a las 19:30<\/b> en el Teatro Thuillier, cuyo precio ser\u00e1 2\u20ac.<\/p>\n<p class=\"MsoNormal\" style=\"text-align:justify;text-indent:35.45pt;margin:6pt 0;\"><a href=\"http:\/\/localhost:81\/turismo\/blog\/wp-content\/uploads\/2013\/11\/concierto-homenaje-a-pablo.jpg\"><img loading=\"lazy\" decoding=\"async\" class=\"alignleft size-medium wp-image-2805\" alt=\"Concierto Homenaje a Pablo\" src=\"http:\/\/localhost:81\/turismo\/blog\/wp-content\/uploads\/2013\/11\/concierto-homenaje-a-pablo.jpg?w=234\" width=\"195\" height=\"248\" srcset=\"https:\/\/www.turismocaravaca.com\/blog\/wp-content\/uploads\/2013\/11\/concierto-homenaje-a-pablo.jpg 771w, https:\/\/www.turismocaravaca.com\/blog\/wp-content\/uploads\/2013\/11\/concierto-homenaje-a-pablo-235x300.jpg 235w\" sizes=\"(max-width: 195px) 100vw, 195px\" \/><\/a><\/p>\n<p class=\"MsoNormal\" style=\"text-align:justify;text-indent:35.45pt;margin:6pt 0;\"><a href=\"http:\/\/localhost:81\/turismo\/blog\/wp-content\/uploads\/2013\/11\/cartel_sacofes2013-master.jpg\"><img loading=\"lazy\" decoding=\"async\" class=\"alignright size-medium wp-image-2806\" alt=\"cartel_sacofes2013-MASTER\" src=\"http:\/\/localhost:81\/turismo\/blog\/wp-content\/uploads\/2013\/11\/cartel_sacofes2013-master.jpg?w=213\" width=\"161\" height=\"224\" \/><\/a><\/p>\n<p class=\"MsoNormal\" style=\"text-indent:35.45pt;margin:6pt 0;text-align:justify;\">Durante la feria tendr\u00e1n lugar otras actividades como la <b>I Master<\/b><b> Class de Corneta<\/b>, impartida por Joaqu\u00edn Eligio Brun, \u201cKini de Triana\u201d.<\/p>\n<p class=\"MsoNormal\" style=\"text-align:justify;text-indent:35.45pt;margin:6pt 0;\">Como pod\u00e9is ver ser\u00e1 una feria muy completa e interesante, dirigida a todos los p\u00fablicos.<\/p>\n<p class=\"MsoNormal\" style=\"text-align:center;line-height:150%;margin:6pt 0;\" align=\"center\">\u00a1\u00a1No os la pod\u00e9is perder!!<\/p>\n","protected":false},"excerpt":{"rendered":"<p>Del 22 al 24 de Noviembre, tendr\u00e1 lugar la II Edici\u00f3n del Sal\u00f3n Cofrade y Festero (SACOFES), en Caravaca de la Cruz. SACOFES es organizado por la Asociaci\u00f3n Cultural Pe\u00f1a Caballista Califa y la Junta de Cofrad\u00edas de Semana Santa de Caravaca de la Cruz y cuentan con la colaboraci\u00f3n del Ayuntamiento de nuestra ciudad, [&hellip;]<\/p>\n","protected":false},"author":2,"featured_media":0,"comment_status":"open","ping_status":"open","sticky":false,"template":"","format":"standard","meta":{"footnotes":""},"categories":[3,9,10,2126,14,16,17,18,21,34],"tags":[356,364,504,912,966,1796,1836],"class_list":["post-2802","post","type-post","status-publish","format-standard","hentry","category-actividades","category-cofradias","category-conciertos-2","category-espanol","category-eventos","category-exposiones","category-ferias","category-fiestas-2","category-iglesias","category-uncategorized","tag-caravaca","tag-caravaca-de-la-cruz","tag-cofradias-2","tag-feria","tag-fiestas","tag-salon","tag-semana-santa"],"_links":{"self":[{"href":"https:\/\/www.turismocaravaca.com\/blog\/wp-json\/wp\/v2\/posts\/2802"}],"collection":[{"href":"https:\/\/www.turismocaravaca.com\/blog\/wp-json\/wp\/v2\/posts"}],"about":[{"href":"https:\/\/www.turismocaravaca.com\/blog\/wp-json\/wp\/v2\/types\/post"}],"author":[{"embeddable":true,"href":"https:\/\/www.turismocaravaca.com\/blog\/wp-json\/wp\/v2\/users\/2"}],"replies":[{"embeddable":true,"href":"https:\/\/www.turismocaravaca.com\/blog\/wp-json\/wp\/v2\/comments?post=2802"}],"version-history":[{"count":1,"href":"https:\/\/www.turismocaravaca.com\/blog\/wp-json\/wp\/v2\/posts\/2802\/revisions"}],"predecessor-version":[{"id":6338,"href":"https:\/\/www.turismocaravaca.com\/blog\/wp-json\/wp\/v2\/posts\/2802\/revisions\/6338"}],"wp:attachment":[{"href":"https:\/\/www.turismocaravaca.com\/blog\/wp-json\/wp\/v2\/media?parent=2802"}],"wp:term":[{"taxonomy":"category","embeddable":true,"href":"https:\/\/www.turismocaravaca.com\/blog\/wp-json\/wp\/v2\/categories?post=2802"},{"taxonomy":"post_tag","embeddable":true,"href":"https:\/\/www.turismocaravaca.com\/blog\/wp-json\/wp\/v2\/tags?post=2802"}],"curies":[{"name":"wp","href":"https:\/\/api.w.org\/{rel}","templated":true}]}}