{"id":2898,"date":"2014-01-29T12:23:37","date_gmt":"2014-01-29T12:23:37","guid":{"rendered":"http:\/\/turismocaravaca.wordpress.com\/?p=2898"},"modified":"2017-09-04T16:42:35","modified_gmt":"2017-09-04T16:42:35","slug":"el-signo-de-la-cruz-la-leyenda","status":"publish","type":"post","link":"https:\/\/www.turismocaravaca.com\/blog\/el-signo-de-la-cruz-la-leyenda\/","title":{"rendered":"El signo de la Cruz, la leyenda"},"content":{"rendered":"<p><!--[if gte mso 9]&gt;--><\/p>\n<p class=\"MsoBodyTextIndent\"><!--[if gte mso 9]&gt;--><\/p>\n<p><!--[if gte mso 9]&gt;--><span style=\"font-size:12pt;font-family:'Times New Roman';\">\u00a0\u00a0\u00a0\u00a0\u00a0\u00a0\u00a0\u00a0\u00a0\u00a0\u00a0 Cuenta la leyenda que un moro de Valencia, nombrado por los cristianos Ceyt Abuc\u00e9yt, resolvi\u00f3 trasladarse, con familia y corte, al murado castillo de Caravaca, fortaleza con mazmorras en las que se hacinaban cautivos cristianos.<\/span><\/p>\n<p class=\"MsoNormal\" style=\"text-indent:35.4pt;text-align:justify;\"><span style=\"font-size:12pt;font-family:'Times New Roman';\">Cuentan, que por llevar a estos consuelo e intentar la evangelizaci\u00f3n de sus captores, se puso en camino desde Cuenca el cl\u00e9rigo Gin\u00e9s P\u00e9rez Chirinos, m\u00e1s al llegar fue apresado tambi\u00e9n.<\/span><\/p>\n<p class=\"MsoNormal\" style=\"text-indent:35.4pt;text-align:justify;\">Cavilaba el rey de Valencia qu\u00e9 hacer con los cautivos y resolvi\u00f3 ponerlos a trabajar en sus oficios. Cuando el rey tuvo en su presencia a Gin\u00e9s P\u00e9rez Chirinos e inquiri\u00f3 sus habilidades, el sacerdote le revel\u00f3 el sagrado ministerio al que hab\u00eda entregado su existencia.<\/p>\n<p class=\"MsoNormal\" style=\"text-indent:35.4pt;text-align:justify;\">Entre curioso y esc\u00e9ptico, pidi\u00f3 Ceyt Abuceyt al buen cura ejercitar en su presencia el divino oficio, a lo que Chirinos se opuso, ya que no ten\u00eda los ornamentos exigidos por la liturgia. El rey no desisti\u00f3 en su curiosidad y decidi\u00f3 mandar emisarios a Cuenca para que trajeran los ornamentos necesarios.<\/p>\n<p class=\"MsoNormal\" style=\"text-indent:35.4pt;text-align:justify;\">Una ma\u00f1ana, ya revestido, el sacerdote se dispon\u00eda a comenzar la misa y advirti\u00f3 que faltaba la Cruz, en ese momento todos los presentes pudieron ver la aparici\u00f3n de dos \u00e1ngeles portando la Cruz, que m\u00e1s tarde, se comprob\u00f3 proced\u00eda del Patriarca Roberto de Jerusal\u00e9n. En ese momento, Ceyt Abuceyt\u00a0 vio que era santa la ley de los cristianos e tornose cristiano \u00e9l y sus vasallos, aquellos que lo quisieron facer. Recordemos, que el converso tom\u00f3 por nombre D. Vicente de Belvis, recibidas las aguas del bautismo.<\/p>\n<p class=\"MsoNormal\" style=\"text-indent:35.4pt;text-align:justify;\">Autor.- Juan Garc\u00eda Abell\u00e1n.<\/p>\n<p><!--[if gte mso 9]&gt;--><\/p>\n<p><!--[if !mso]&gt;--><\/p>\n","protected":false},"excerpt":{"rendered":"<p>\u00a0\u00a0\u00a0\u00a0\u00a0\u00a0\u00a0\u00a0\u00a0\u00a0\u00a0 Cuenta la leyenda que un moro de Valencia, nombrado por los cristianos Ceyt Abuc\u00e9yt, resolvi\u00f3 trasladarse, con familia y corte, al murado castillo de Caravaca, fortaleza con mazmorras en las que se hacinaban cautivos cristianos. Cuentan, que por llevar a estos consuelo e intentar la evangelizaci\u00f3n de sus captores, se puso en camino desde [&hellip;]<\/p>\n","protected":false},"author":2,"featured_media":0,"comment_status":"open","ping_status":"open","sticky":false,"template":"","format":"standard","meta":{"footnotes":""},"categories":[2126,22,34],"tags":[356,364,603,604],"class_list":["post-2898","post","type-post","status-publish","format-standard","hentry","category-espanol","category-lugares-de-interes","category-uncategorized","tag-caravaca","tag-caravaca-de-la-cruz","tag-cruz","tag-cruz-de-caravaca"],"_links":{"self":[{"href":"https:\/\/www.turismocaravaca.com\/blog\/wp-json\/wp\/v2\/posts\/2898"}],"collection":[{"href":"https:\/\/www.turismocaravaca.com\/blog\/wp-json\/wp\/v2\/posts"}],"about":[{"href":"https:\/\/www.turismocaravaca.com\/blog\/wp-json\/wp\/v2\/types\/post"}],"author":[{"embeddable":true,"href":"https:\/\/www.turismocaravaca.com\/blog\/wp-json\/wp\/v2\/users\/2"}],"replies":[{"embeddable":true,"href":"https:\/\/www.turismocaravaca.com\/blog\/wp-json\/wp\/v2\/comments?post=2898"}],"version-history":[{"count":1,"href":"https:\/\/www.turismocaravaca.com\/blog\/wp-json\/wp\/v2\/posts\/2898\/revisions"}],"predecessor-version":[{"id":6326,"href":"https:\/\/www.turismocaravaca.com\/blog\/wp-json\/wp\/v2\/posts\/2898\/revisions\/6326"}],"wp:attachment":[{"href":"https:\/\/www.turismocaravaca.com\/blog\/wp-json\/wp\/v2\/media?parent=2898"}],"wp:term":[{"taxonomy":"category","embeddable":true,"href":"https:\/\/www.turismocaravaca.com\/blog\/wp-json\/wp\/v2\/categories?post=2898"},{"taxonomy":"post_tag","embeddable":true,"href":"https:\/\/www.turismocaravaca.com\/blog\/wp-json\/wp\/v2\/tags?post=2898"}],"curies":[{"name":"wp","href":"https:\/\/api.w.org\/{rel}","templated":true}]}}