{"id":290,"date":"2012-03-21T10:34:45","date_gmt":"2012-03-21T10:34:45","guid":{"rendered":"http:\/\/turismocaravaca.wordpress.com\/?p=290"},"modified":"2017-09-04T16:38:25","modified_gmt":"2017-09-04T16:38:25","slug":"los-amantes-de-los-animales-tienen-una-cita-en-caravaca","status":"publish","type":"post","link":"https:\/\/www.turismocaravaca.com\/blog\/los-amantes-de-los-animales-tienen-una-cita-en-caravaca\/","title":{"rendered":"Los amantes de los animales tienen una cita en Caravaca."},"content":{"rendered":"<p><a href=\"http:\/\/localhost:81\/turismo\/blog\/wp-content\/uploads\/2012\/03\/entregandopremio.jpg\"><img loading=\"lazy\" decoding=\"async\" class=\"wp-image-293 aligncenter\" title=\"Entregandopremio\" src=\"http:\/\/localhost:81\/turismo\/blog\/wp-content\/uploads\/2012\/03\/entregandopremio.jpg?w=300\" alt=\"\" width=\"311\" height=\"199\" \/><\/a><\/p>\n<p style=\"text-align:justify;\">En Caravaca de la Cruz la actividad cultural y l\u00fadica se intensifica conforme se aproxima la celebraci\u00f3n de las fiestas patronales en honor a la Sant\u00edsima y Vera Cruz. Cada fin de semana, pe\u00f1as, grupos y k\u00e1bilas organizan actividades muy diversas que envuelven a la ciudad en un ambiente agradable y festivo.<\/p>\n<p style=\"text-align:justify;\">En esta ocasi\u00f3n, queremos hablaros de un evento que cuenta ya con una exitosa trayectoria de doce a\u00f1os y que est\u00e1 especialmente dirigido a los amantes de los animales. Se trata de la <strong>VII<\/strong><strong> Exposici\u00f3n<\/strong><strong> Nacional e Internacional de Perros de Pura Raza y el XVIII Concurso Canino de Caravaca de la Cruz<\/strong>,\u00a0 que reunir\u00e1 el pr\u00f3ximo <strong>domingo,\u00a0 25 de marzo,<\/strong>\u00a0 a cientos de aficionados al mundo canino en el recinto ferial de Venta de Cavila.<\/p>\n<p style=\"text-align:justify;\">\u00a0\u00a0\u00a0\u00a0\u00a0\u00a0<a href=\"http:\/\/localhost:81\/turismo\/blog\/wp-content\/uploads\/2012\/03\/copia-de-gonzalocongrupo01.jpg\"><img loading=\"lazy\" decoding=\"async\" class=\"wp-image-292 aligncenter\" title=\"Copia de Gonzalocongrupo01\" src=\"http:\/\/localhost:81\/turismo\/blog\/wp-content\/uploads\/2012\/03\/copia-de-gonzalocongrupo01.jpg?w=300\" alt=\"\" width=\"252\" height=\"166\" \/><\/a>En nuestra ciudad se dar\u00e1n cita ejemplares de excelente calidad, llegados de distintas provincias espa\u00f1olas y de varios pa\u00edses europeos. Adem\u00e1s del concurso, se han programado <strong>actividades paralelas,<\/strong> como los reconocimientos de raza, un concurso popular para perros con o sin pedigr\u00ed y una concentraci\u00f3n de reahalas. Por otra parte, la Asociaci\u00f3n Canina dela Regi\u00f3n de Murcia tratar\u00e1 de fomentar el apoyo y la concienciaci\u00f3n ciudadana sobre las responsabilidades que conlleva tener una mascota en casa.<\/p>\n<p style=\"text-align:justify;\">La exposici\u00f3n y el concurso canino se celebran cada a\u00f1o gracias a la colaboraci\u00f3n entre el Ayuntamiento de Caravaca, la pe\u00f1a Caballista Jeque y la Asociaci\u00f3n Canina de la Regi\u00f3n de Murcia.<\/p>\n<p style=\"text-align:justify;\">Si quieres pasar un domingo divertido y diferente, te esperamos en el recinto ferial Venta de Cavila de Caravaca. El precio de la entrada es de 3 euros e incluye una consumici\u00f3n en la cantina para reponer fuerzas a lo largo de la ma\u00f1ana.<\/p>\n","protected":false},"excerpt":{"rendered":"<p>En Caravaca de la Cruz la actividad cultural y l\u00fadica se intensifica conforme se aproxima la celebraci\u00f3n de las fiestas patronales en honor a la Sant\u00edsima y Vera Cruz. Cada fin de semana, pe\u00f1as, grupos y k\u00e1bilas organizan actividades muy diversas que envuelven a la ciudad en un ambiente agradable y festivo. En esta ocasi\u00f3n, [&hellip;]<\/p>\n","protected":false},"author":2,"featured_media":0,"comment_status":"open","ping_status":"open","sticky":false,"template":"","format":"standard","meta":{"footnotes":""},"categories":[3,2126],"tags":[],"class_list":["post-290","post","type-post","status-publish","format-standard","hentry","category-actividades","category-espanol"],"_links":{"self":[{"href":"https:\/\/www.turismocaravaca.com\/blog\/wp-json\/wp\/v2\/posts\/290"}],"collection":[{"href":"https:\/\/www.turismocaravaca.com\/blog\/wp-json\/wp\/v2\/posts"}],"about":[{"href":"https:\/\/www.turismocaravaca.com\/blog\/wp-json\/wp\/v2\/types\/post"}],"author":[{"embeddable":true,"href":"https:\/\/www.turismocaravaca.com\/blog\/wp-json\/wp\/v2\/users\/2"}],"replies":[{"embeddable":true,"href":"https:\/\/www.turismocaravaca.com\/blog\/wp-json\/wp\/v2\/comments?post=290"}],"version-history":[{"count":1,"href":"https:\/\/www.turismocaravaca.com\/blog\/wp-json\/wp\/v2\/posts\/290\/revisions"}],"predecessor-version":[{"id":6260,"href":"https:\/\/www.turismocaravaca.com\/blog\/wp-json\/wp\/v2\/posts\/290\/revisions\/6260"}],"wp:attachment":[{"href":"https:\/\/www.turismocaravaca.com\/blog\/wp-json\/wp\/v2\/media?parent=290"}],"wp:term":[{"taxonomy":"category","embeddable":true,"href":"https:\/\/www.turismocaravaca.com\/blog\/wp-json\/wp\/v2\/categories?post=290"},{"taxonomy":"post_tag","embeddable":true,"href":"https:\/\/www.turismocaravaca.com\/blog\/wp-json\/wp\/v2\/tags?post=290"}],"curies":[{"name":"wp","href":"https:\/\/api.w.org\/{rel}","templated":true}]}}