{"id":2961,"date":"2014-03-06T14:11:14","date_gmt":"2014-03-06T14:11:14","guid":{"rendered":"http:\/\/turismocaravaca.wordpress.com\/?p=2961"},"modified":"2017-09-04T16:43:18","modified_gmt":"2017-09-04T16:43:18","slug":"caravaca-de-la-cruz-se-convierte-en-sede-del-encuentro-de-ciudades-teresianas","status":"publish","type":"post","link":"https:\/\/www.turismocaravaca.com\/blog\/caravaca-de-la-cruz-se-convierte-en-sede-del-encuentro-de-ciudades-teresianas\/","title":{"rendered":"Caravaca de la Cruz se convierte en sede del encuentro de Ciudades Teresianas"},"content":{"rendered":"<p><!--[if gte mso 9]&gt;--><\/p>\n<p style=\"text-align:justify;text-indent:35.45pt;\"><span style=\"font-family:Arial;\">Hoy es noticia Caravaca de la Cruz. Con motivo del V Centenario de Santa Teresa, la prensa a nivel local y nacional est\u00e1 publicando est\u00e1 nota de prensa;<\/span><\/p>\n<p style=\"text-align:justify;text-indent:35.45pt;\"><span style=\"font-family:Arial;\">Caravaca de la Cruz ser\u00e1 sede este viernes de un encuentro de &#8216;Ciudades Teresianas&#8217;, que reunir\u00e1 a los 17 ayuntamientos espa\u00f1oles integrados en el proyecto y a representantes de la Orden del Carmelo Descalzo, seg\u00fan informaron fuentes municipales en un comunicado.<\/span><\/p>\n<p style=\"text-align:justify;text-indent:35.45pt;\"><span style=\"font-family:Arial;\">Alcaldes, concejales y responsables de \u00e1reas de Turismo y Cultura de las distintas ciudades y comunidades aut\u00f3nomas mantendr\u00e1n una reuni\u00f3n para tratar aspectos relacionados con la pr\u00f3xima celebraci\u00f3n del V Centenario del Nacimiento de Santa Teresa y con la puesta en marcha de la ruta tur\u00edstica y cultural &#8216;Huellas de Teresa de Jes\u00fas&#8217;.<a href=\"http:\/\/localhost:81\/turismo\/blog\/wp-content\/uploads\/2014\/03\/fotonoticia_20140306132729_500.jpg\"><img loading=\"lazy\" decoding=\"async\" class=\"aligncenter size-medium wp-image-2963\" alt=\"fotonoticia_20140306132729_500\" src=\"http:\/\/localhost:81\/turismo\/blog\/wp-content\/uploads\/2014\/03\/fotonoticia_20140306132729_500.jpg?w=300\" width=\"300\" height=\"213\" srcset=\"https:\/\/www.turismocaravaca.com\/blog\/wp-content\/uploads\/2014\/03\/fotonoticia_20140306132729_500.jpg 500w, https:\/\/www.turismocaravaca.com\/blog\/wp-content\/uploads\/2014\/03\/fotonoticia_20140306132729_500-300x214.jpg 300w\" sizes=\"(max-width: 300px) 100vw, 300px\" \/><\/a><\/span><\/p>\n<p style=\"text-align:justify;text-indent:35.45pt;\"><span style=\"font-family:Arial;\">\u00abPara Caravaca es la Cruz supone una importante oportunidad de promoci\u00f3n tur\u00edstica formar parte del grupo &#8216;Ciudades Teresianas&#8217; y, al mismo tiempo, es un honor acoger en nuestra ciudad un encuentro que congrega a representantes de todas ellas\u00bb, ha destacado el alcalde, Domingo Aranda.<\/span><\/p>\n<p style=\"text-align:justify;text-indent:35.45pt;\"><span style=\"font-family:Arial;\">Las 17 ciudades que forman parte del proyecto \u00abCiudades hermanadas por Santa Teresa\u00bb son: \u00c1vila, Soria, Burgos, Palencia, Valladolid, Medina del Campo, Segovia, Salamanca, Alba de Tormes, Pastrana, Toledo, Malag\u00f3n, Villanueva de la Jara, Beas, Caravaca de la Cruz, Sevilla y Granada.<\/span><\/p>\n<p style=\"text-align:justify;text-indent:35.45pt;\"><span style=\"font-family:Arial;\">Los distintos Ayuntamientos y comunidades, con el apoyo la Orden del Carmelo y el Gobierno de Espa\u00f1a, preparan un proyecto com\u00fan en torno a la figura de Santa Teresa.<\/span><\/p>\n<p class=\"MsoNormal\" style=\"text-align:justify;text-indent:35.45pt;\"><span style=\"font-family:Arial;\">\u00a0<\/span><\/p>\n","protected":false},"excerpt":{"rendered":"<p>Hoy es noticia Caravaca de la Cruz. Con motivo del V Centenario de Santa Teresa, la prensa a nivel local y nacional est\u00e1 publicando est\u00e1 nota de prensa; Caravaca de la Cruz ser\u00e1 sede este viernes de un encuentro de &#8216;Ciudades Teresianas&#8217;, que reunir\u00e1 a los 17 ayuntamientos espa\u00f1oles integrados en el proyecto y a [&hellip;]<\/p>\n","protected":false},"author":2,"featured_media":0,"comment_status":"open","ping_status":"open","sticky":false,"template":"","format":"standard","meta":{"footnotes":""},"categories":[3,2,2126,14,18,20,21,31,34],"tags":[41,356,364,452,486,1081,1439,1813,2018],"class_list":["post-2961","post","type-post","status-publish","format-standard","hentry","category-actividades","category-ano-jubilar","category-espanol","category-eventos","category-fiestas-2","category-horarios-2","category-iglesias","category-santuarios","category-uncategorized","tag-17-ciudades-teresianas","tag-caravaca","tag-caravaca-de-la-cruz","tag-centenario-santa-teresa","tag-ciudades-teresianas","tag-huellas-de-teresa-de-jesus","tag-nacimiento-de-santa-teresa","tag-santa-teresa","tag-v-centenario"],"_links":{"self":[{"href":"https:\/\/www.turismocaravaca.com\/blog\/wp-json\/wp\/v2\/posts\/2961"}],"collection":[{"href":"https:\/\/www.turismocaravaca.com\/blog\/wp-json\/wp\/v2\/posts"}],"about":[{"href":"https:\/\/www.turismocaravaca.com\/blog\/wp-json\/wp\/v2\/types\/post"}],"author":[{"embeddable":true,"href":"https:\/\/www.turismocaravaca.com\/blog\/wp-json\/wp\/v2\/users\/2"}],"replies":[{"embeddable":true,"href":"https:\/\/www.turismocaravaca.com\/blog\/wp-json\/wp\/v2\/comments?post=2961"}],"version-history":[{"count":1,"href":"https:\/\/www.turismocaravaca.com\/blog\/wp-json\/wp\/v2\/posts\/2961\/revisions"}],"predecessor-version":[{"id":6416,"href":"https:\/\/www.turismocaravaca.com\/blog\/wp-json\/wp\/v2\/posts\/2961\/revisions\/6416"}],"wp:attachment":[{"href":"https:\/\/www.turismocaravaca.com\/blog\/wp-json\/wp\/v2\/media?parent=2961"}],"wp:term":[{"taxonomy":"category","embeddable":true,"href":"https:\/\/www.turismocaravaca.com\/blog\/wp-json\/wp\/v2\/categories?post=2961"},{"taxonomy":"post_tag","embeddable":true,"href":"https:\/\/www.turismocaravaca.com\/blog\/wp-json\/wp\/v2\/tags?post=2961"}],"curies":[{"name":"wp","href":"https:\/\/api.w.org\/{rel}","templated":true}]}}