{"id":2983,"date":"2014-03-20T14:05:04","date_gmt":"2014-03-20T14:05:04","guid":{"rendered":"http:\/\/turismocaravaca.wordpress.com\/?p=2983"},"modified":"2017-09-04T16:43:17","modified_gmt":"2017-09-04T16:43:17","slug":"pasion-por-caravaca","status":"publish","type":"post","link":"https:\/\/www.turismocaravaca.com\/blog\/pasion-por-caravaca\/","title":{"rendered":"\u201cPasi\u00f3n por Caravaca\u201d"},"content":{"rendered":"<p><!--[if gte mso 9]&gt;--><\/p>\n<p class=\"MsoNormal\" style=\"text-align:justify;text-indent:35.45pt;\"><span style=\"font-family:Arial;color:black;\">El Ayuntamiento de Caravaca de la Cruz, con la colaboraci\u00f3n de la Fundaci\u00f3n Cajamurcia, ha editado un libro homenaje dedicado al historiador Gregorio S\u00e1nchez Romero. <\/span><\/p>\n<p class=\"MsoNormal\" style=\"text-align:justify;text-indent:35.45pt;\"><span style=\"font-family:Arial;color:black;\">La publicaci\u00f3n, que lleva por t\u00edtulo <b>\u201cPasi\u00f3n por Caravaca\u201d<\/b>, se presenta el <b>viernes 21 de marzo<\/b> a las <b>20:30 horas<\/b> en el sal\u00f3n de actos de la <b>Casa<\/b><b> de la Cultura Emilio S\u00e1ez.<\/b><\/span><\/p>\n<p class=\"MsoNormal\" style=\"text-align:justify;text-indent:35.45pt;\"><span style=\"font-family:Arial;\">El dinero recaudado con la venta de este libro, ir\u00e1 destinado a la Fundaci\u00f3n Espa\u00f1ola de Lucha contra la Leucemia.<\/span><\/p>\n<p class=\"MsoNormal\" style=\"text-align:justify;text-indent:35.45pt;\"><span style=\"font-family:Arial;color:black;\"><a href=\"http:\/\/localhost:81\/turismo\/blog\/wp-content\/uploads\/2014\/03\/cartellibropasionporcaravacalibrohomenajegregoriosanchezromero.jpg\"><img loading=\"lazy\" decoding=\"async\" class=\"aligncenter  wp-image-2985\" alt=\"CartelLibroPasionPorCaravacaLibroHomenajeGregorioSanchezRomero\" src=\"http:\/\/localhost:81\/turismo\/blog\/wp-content\/uploads\/2014\/03\/cartellibropasionporcaravacalibrohomenajegregoriosanchezromero.jpg?w=529\" width=\"339\" height=\"544\" \/><\/a>En el libro se recopilan art\u00edculos escritos por Gregorio S\u00e1nchez Romero de tem\u00e1ticas diversas como la geograf\u00eda, historia, arte y las tradiciones propias de Caravaca de la Cruz. <\/span><\/p>\n<p class=\"MsoNormal\" style=\"text-align:justify;text-indent:35.45pt;\"><span style=\"font-family:Arial;color:black;\">Adem\u00e1s, la publicaci\u00f3n consta de una segunda parte compuesta por escritos de personas e instituciones que estuvieron muy vinculadas a Gregorio, entre las que destacan la Cofrad\u00eda de la Sant\u00edsima y Vera Cruz, la Academia Alfonso X El Sabio, el I.E.S. San Juan de la Cruz y la Compa\u00f1\u00eda de \u201cArmaos\u201d. El hijo del homenajeado, V\u00edctor Manuel S\u00e1nchez Tudela, es el encargado de prologar el libro.<\/span><\/p>\n<p class=\"MsoNormal\" style=\"text-align:justify;text-indent:35.45pt;\"><span style=\"font-family:Arial;color:black;\">La primera edici\u00f3n est\u00e1 compuesta por 500 ejemplares, que se podr\u00e1n adquirir en el acto del viernes al precio de 10 euros.<\/span><\/p>\n","protected":false},"excerpt":{"rendered":"<p>El Ayuntamiento de Caravaca de la Cruz, con la colaboraci\u00f3n de la Fundaci\u00f3n Cajamurcia, ha editado un libro homenaje dedicado al historiador Gregorio S\u00e1nchez Romero. La publicaci\u00f3n, que lleva por t\u00edtulo \u201cPasi\u00f3n por Caravaca\u201d, se presenta el viernes 21 de marzo a las 20:30 horas en el sal\u00f3n de actos de la Casa de la [&hellip;]<\/p>\n","protected":false},"author":2,"featured_media":0,"comment_status":"open","ping_status":"open","sticky":false,"template":"","format":"standard","meta":{"footnotes":""},"categories":[3,2126,14,20,34],"tags":[50,356,364,429,430,1018,1066,1234,1262,1535,1617],"class_list":["post-2983","post","type-post","status-publish","format-standard","hentry","category-actividades","category-espanol","category-eventos","category-horarios-2","category-uncategorized","tag-21-de-marzo","tag-caravaca","tag-caravaca-de-la-cruz","tag-casa-de-la-cultura","tag-casa-de-la-cultura-emilio-saez","tag-fundacion-espanola-de-lucha-contra-la-leucemia","tag-homenaje","tag-leucemia","tag-lucha-contra-la-leucemia","tag-pasion-por-caravaca","tag-presentacion-libro"],"_links":{"self":[{"href":"https:\/\/www.turismocaravaca.com\/blog\/wp-json\/wp\/v2\/posts\/2983"}],"collection":[{"href":"https:\/\/www.turismocaravaca.com\/blog\/wp-json\/wp\/v2\/posts"}],"about":[{"href":"https:\/\/www.turismocaravaca.com\/blog\/wp-json\/wp\/v2\/types\/post"}],"author":[{"embeddable":true,"href":"https:\/\/www.turismocaravaca.com\/blog\/wp-json\/wp\/v2\/users\/2"}],"replies":[{"embeddable":true,"href":"https:\/\/www.turismocaravaca.com\/blog\/wp-json\/wp\/v2\/comments?post=2983"}],"version-history":[{"count":1,"href":"https:\/\/www.turismocaravaca.com\/blog\/wp-json\/wp\/v2\/posts\/2983\/revisions"}],"predecessor-version":[{"id":6412,"href":"https:\/\/www.turismocaravaca.com\/blog\/wp-json\/wp\/v2\/posts\/2983\/revisions\/6412"}],"wp:attachment":[{"href":"https:\/\/www.turismocaravaca.com\/blog\/wp-json\/wp\/v2\/media?parent=2983"}],"wp:term":[{"taxonomy":"category","embeddable":true,"href":"https:\/\/www.turismocaravaca.com\/blog\/wp-json\/wp\/v2\/categories?post=2983"},{"taxonomy":"post_tag","embeddable":true,"href":"https:\/\/www.turismocaravaca.com\/blog\/wp-json\/wp\/v2\/tags?post=2983"}],"curies":[{"name":"wp","href":"https:\/\/api.w.org\/{rel}","templated":true}]}}