{"id":2989,"date":"2014-03-25T13:56:52","date_gmt":"2014-03-25T13:56:52","guid":{"rendered":"http:\/\/turismocaravaca.wordpress.com\/?p=2989"},"modified":"2017-09-04T16:43:17","modified_gmt":"2017-09-04T16:43:17","slug":"xxxii-jornadas-culturales-del-bando-de-los-caballos-del-vino","status":"publish","type":"post","link":"https:\/\/www.turismocaravaca.com\/blog\/xxxii-jornadas-culturales-del-bando-de-los-caballos-del-vino\/","title":{"rendered":"XXXII Jornadas Culturales del Bando de Los Caballos del Vino"},"content":{"rendered":"<p>Hoy queremos informaros, que dentro de las Jornadas Culturales del Bando de Los Caballos del Vino, el pr\u00f3ximo <strong>jueves 27 de marzo<\/strong> a las <strong>21 horas<\/strong> en el <strong>Teatro Thuillier,<\/strong> se presentar\u00e1 el nuevo cartel, que tiene como fin representar la candidatura de este festejo a <strong>Patrimonio Cultural Inmaterial de la Humanidad por la UNESCO.<\/strong><br \/>\nTambi\u00e9n se presentar\u00e1 la pel\u00edcula realizada con el fin de defender nuestra candidatura, a este reconocimiento internacional, que tanto se merece el festejo de <strong>Los Caballos del Vino<\/strong>, nuestras fiestas patronales y el pueblo de Caravaca de la Cruz.<a href=\"http:\/\/localhost:81\/turismo\/blog\/wp-content\/uploads\/2014\/03\/jornadas-caballosdelvino.jpg\"><img loading=\"lazy\" decoding=\"async\" class=\"aligncenter  wp-image-2991\" src=\"http:\/\/localhost:81\/turismo\/blog\/wp-content\/uploads\/2014\/03\/jornadas-caballosdelvino.jpg?w=529\" alt=\"jornadas-caballosdelvino\" width=\"388\" height=\"477\" \/><\/a><br \/>\nOs recomendamos asistir porque la pel\u00edcula es digna de ver y un orgullo para todos los caravaque\u00f1os.<\/p>\n<p>&nbsp;<\/p>\n","protected":false},"excerpt":{"rendered":"<p>Hoy queremos informaros, que dentro de las Jornadas Culturales del Bando de Los Caballos del Vino, el pr\u00f3ximo jueves 27 de marzo a las 21 horas en el Teatro Thuillier, se presentar\u00e1 el nuevo cartel, que tiene como fin representar la candidatura de este festejo a Patrimonio Cultural Inmaterial de la Humanidad por la UNESCO. [&hellip;]<\/p>\n","protected":false},"author":2,"featured_media":0,"comment_status":"open","ping_status":"open","sticky":false,"template":"","format":"standard","meta":{"footnotes":""},"categories":[3,2126,14,20,34],"tags":[316,356,364,1149,1150,1248,2017],"class_list":["post-2989","post","type-post","status-publish","format-standard","hentry","category-actividades","category-espanol","category-eventos","category-horarios-2","category-uncategorized","tag-caballos-del-vino","tag-caravaca","tag-caravaca-de-la-cruz","tag-jornadas-culturales","tag-jornadas-culturales-bando-de-los-caballos-del-vino","tag-los-caballos-del-vino","tag-unesco"],"_links":{"self":[{"href":"https:\/\/www.turismocaravaca.com\/blog\/wp-json\/wp\/v2\/posts\/2989"}],"collection":[{"href":"https:\/\/www.turismocaravaca.com\/blog\/wp-json\/wp\/v2\/posts"}],"about":[{"href":"https:\/\/www.turismocaravaca.com\/blog\/wp-json\/wp\/v2\/types\/post"}],"author":[{"embeddable":true,"href":"https:\/\/www.turismocaravaca.com\/blog\/wp-json\/wp\/v2\/users\/2"}],"replies":[{"embeddable":true,"href":"https:\/\/www.turismocaravaca.com\/blog\/wp-json\/wp\/v2\/comments?post=2989"}],"version-history":[{"count":1,"href":"https:\/\/www.turismocaravaca.com\/blog\/wp-json\/wp\/v2\/posts\/2989\/revisions"}],"predecessor-version":[{"id":6411,"href":"https:\/\/www.turismocaravaca.com\/blog\/wp-json\/wp\/v2\/posts\/2989\/revisions\/6411"}],"wp:attachment":[{"href":"https:\/\/www.turismocaravaca.com\/blog\/wp-json\/wp\/v2\/media?parent=2989"}],"wp:term":[{"taxonomy":"category","embeddable":true,"href":"https:\/\/www.turismocaravaca.com\/blog\/wp-json\/wp\/v2\/categories?post=2989"},{"taxonomy":"post_tag","embeddable":true,"href":"https:\/\/www.turismocaravaca.com\/blog\/wp-json\/wp\/v2\/tags?post=2989"}],"curies":[{"name":"wp","href":"https:\/\/api.w.org\/{rel}","templated":true}]}}