{"id":299,"date":"2012-03-27T10:36:50","date_gmt":"2012-03-27T10:36:50","guid":{"rendered":"http:\/\/turismocaravaca.wordpress.com\/?p=299"},"modified":"2017-09-04T16:38:25","modified_gmt":"2017-09-04T16:38:25","slug":"semana-santa-caravaca-2012","status":"publish","type":"post","link":"https:\/\/www.turismocaravaca.com\/blog\/semana-santa-caravaca-2012\/","title":{"rendered":"Vive la Semana Santa en Caravaca"},"content":{"rendered":"<h1 style=\"text-align:center;\">\u00a0<\/h1>\n<p style=\"text-align:justify;\">\u00a0\u00a0\u00a0\u00a0\u00a0\u00a0\u00a0\u00a0\u00a0\u00a0Con la primavera reci\u00e9n estrenada, las calles de Caravaca de la Cruz volver\u00e1n a ser escenario de la conmemoraci\u00f3n de la pasi\u00f3n, muerte y resurrecci\u00f3n de Cristo a trav\u00e9s de unas procesiones con unas se\u00f1as de identidad propias.<\/p>\n<p style=\"text-align:justify;\">El conjunto de las im\u00e1genes que salen a la calle dur<a href=\"http:\/\/localhost:81\/turismo\/blog\/wp-content\/uploads\/2012\/03\/virgen-de-los-dolores-paso-azul-fts-smst024.jpg\"><img loading=\"lazy\" decoding=\"async\" class=\"wp-image-300 alignright\" title=\"VIRGEN DE LOS DOLORES. PASO AZUL. FTS-SMST024\" src=\"http:\/\/localhost:81\/turismo\/blog\/wp-content\/uploads\/2012\/03\/virgen-de-los-dolores-paso-azul-fts-smst024.jpg?w=291\" alt=\"\" width=\"206\" height=\"227\" \/><\/a>ante los d\u00edas de la Pasi\u00f3n, la mayor\u00eda de ellas realizadas por escultores de reconocido prestigio durante los siglos XVII y XVIII, conforma una de las grandes joyas del patrimonio local.<\/p>\n<p style=\"text-align:justify;\">No cabe duda que la mejor forma de disfrutar de la belleza de las im\u00e1genes caravaque\u00f1as es presenciando las procesiones en alguna de las calles del casco hist\u00f3rico, pero tambi\u00e9n tienes la oportunidad de admirarlas al detalle en la sala de exposiciones de la antigua Compa\u00f1\u00eda de Jes\u00fas, donde permanecer\u00e1n expuestas hasta el comienzo de las celebraciones lit\u00fargicas. Te recomendamos que visites este espacio, en el que tambi\u00e9n encontrar\u00e1s los tronos y estandartes de las distintas cofrad\u00edas y valiosas obras de arte, con una gran de<a href=\"http:\/\/localhost:81\/turismo\/blog\/wp-content\/uploads\/2012\/03\/semana-santa-20121.jpg\"><img loading=\"lazy\" decoding=\"async\" class=\"alignleft size-medium wp-image-301\" title=\"SEMANA Santa 2012\" src=\"http:\/\/localhost:81\/turismo\/blog\/wp-content\/uploads\/2012\/03\/semana-santa-20121.jpg?w=179\" alt=\"\" width=\"179\" height=\"300\" \/><\/a>voci\u00f3n en Caravaca, como\u00a0La Dolorosa y El Prendimiento, atribuidas a la escuela de Salzillo, y la Virgende Las Angustias, obra del artista caravaque\u00f1o Marcos Laborda. Este a\u00f1o,\u00a0 como principal novedad, se presentar\u00e1 ante los caravaque\u00f1os Nuestra Se\u00f1ora de la Piedad, titular mariana de la Cofrad\u00edade San Juan Evangelista, realizada por el escultor Israel Cornejo.<\/p>\n<p style=\"text-align:justify;\">Desde aqu\u00ed aprovechamos para agradecer la labor y esfuerzo realizado desdela Agrupaci\u00f3n de Cofrad\u00edas por mantener vivas y con el esplendor que merecen las tradiciones de nuestra Semana Santa.<\/p>\n<p style=\"text-align:justify;\">Para\u00a0descargar programa completo pinche <a href=\"http:\/\/www.turismocaravaca.org\/noticiasyagenda\/wp-content\/uploads\/2012\/03\/Sem-Sta-Caravaca-2012.jpg\">aqu\u00ed.<\/a><\/p>\n","protected":false},"excerpt":{"rendered":"<p>\u00a0 \u00a0\u00a0\u00a0\u00a0\u00a0\u00a0\u00a0\u00a0\u00a0\u00a0Con la primavera reci\u00e9n estrenada, las calles de Caravaca de la Cruz volver\u00e1n a ser escenario de la conmemoraci\u00f3n de la pasi\u00f3n, muerte y resurrecci\u00f3n de Cristo a trav\u00e9s de unas procesiones con unas se\u00f1as de identidad propias. El conjunto de las im\u00e1genes que salen a la calle durante los d\u00edas de la Pasi\u00f3n, [&hellip;]<\/p>\n","protected":false},"author":2,"featured_media":0,"comment_status":"open","ping_status":"open","sticky":false,"template":"","format":"standard","meta":{"footnotes":""},"categories":[2126,18],"tags":[],"class_list":["post-299","post","type-post","status-publish","format-standard","hentry","category-espanol","category-fiestas-2"],"_links":{"self":[{"href":"https:\/\/www.turismocaravaca.com\/blog\/wp-json\/wp\/v2\/posts\/299"}],"collection":[{"href":"https:\/\/www.turismocaravaca.com\/blog\/wp-json\/wp\/v2\/posts"}],"about":[{"href":"https:\/\/www.turismocaravaca.com\/blog\/wp-json\/wp\/v2\/types\/post"}],"author":[{"embeddable":true,"href":"https:\/\/www.turismocaravaca.com\/blog\/wp-json\/wp\/v2\/users\/2"}],"replies":[{"embeddable":true,"href":"https:\/\/www.turismocaravaca.com\/blog\/wp-json\/wp\/v2\/comments?post=299"}],"version-history":[{"count":1,"href":"https:\/\/www.turismocaravaca.com\/blog\/wp-json\/wp\/v2\/posts\/299\/revisions"}],"predecessor-version":[{"id":6259,"href":"https:\/\/www.turismocaravaca.com\/blog\/wp-json\/wp\/v2\/posts\/299\/revisions\/6259"}],"wp:attachment":[{"href":"https:\/\/www.turismocaravaca.com\/blog\/wp-json\/wp\/v2\/media?parent=299"}],"wp:term":[{"taxonomy":"category","embeddable":true,"href":"https:\/\/www.turismocaravaca.com\/blog\/wp-json\/wp\/v2\/categories?post=299"},{"taxonomy":"post_tag","embeddable":true,"href":"https:\/\/www.turismocaravaca.com\/blog\/wp-json\/wp\/v2\/tags?post=299"}],"curies":[{"name":"wp","href":"https:\/\/api.w.org\/{rel}","templated":true}]}}