{"id":3028,"date":"2014-04-22T13:02:18","date_gmt":"2014-04-22T13:02:18","guid":{"rendered":"http:\/\/turismocaravaca.wordpress.com\/?p=3028"},"modified":"2017-09-04T16:43:17","modified_gmt":"2017-09-04T16:43:17","slug":"dia-del-libro","status":"publish","type":"post","link":"https:\/\/www.turismocaravaca.com\/blog\/dia-del-libro\/","title":{"rendered":"D\u00eda del Libro"},"content":{"rendered":"<p style=\"text-align:justify;\">\u00a0\u00a0\u00a0\u00a0 La celebraci\u00f3n del d\u00eda del libro se remonta a principios de siglo. La historia del libro se hace festiva y surgen actividades literarias en toda Espa\u00f1a. El d\u00eda 23 de abril se celebra en todo el mundo, el d\u00eda del libro internacional.<br \/>\nCon motivo de la celebraci\u00f3n del D\u00eda del Libro, y coincidiendo este a\u00f1o 2014 con el centenario de la publicaci\u00f3n de \u201cPlatero y yo\u201d, ma\u00f1ana mi\u00e9rcoles 23 de abril la Biblioteca P\u00fablica de Caravaca de la Cruz lo celebra rindiendo un peque\u00f1o homenaje a este libro, del N\u00f3bel espa\u00f1ol Juan Ram\u00f3n Jim\u00e9nez, con motivo del centenario de su publicaci\u00f3n.<a href=\"http:\/\/localhost:81\/turismo\/blog\/wp-content\/uploads\/2014\/04\/24-001.jpg\"><img loading=\"lazy\" decoding=\"async\" class=\"aligncenter  wp-image-3030\" src=\"http:\/\/localhost:81\/turismo\/blog\/wp-content\/uploads\/2014\/04\/24-001.jpg?w=194\" alt=\"24-001\" width=\"256\" height=\"391\" \/><\/a><br \/>\nA las 18 horas, los ni\u00f1os participar\u00e1n en el taller de cuenta cuentos de la biblioteca en el sal\u00f3n de actos de la Casa de Cultura.<br \/>\nA las 19 horas, los miembros del club de lectura realizar\u00e1n su homenaje en el mismo lugar.<br \/>\n<a href=\"http:\/\/localhost:81\/turismo\/blog\/wp-content\/uploads\/2014\/04\/fic20091113_081133.png\"><img loading=\"lazy\" decoding=\"async\" class=\"alignleft wp-image-3032 \" src=\"http:\/\/localhost:81\/turismo\/blog\/wp-content\/uploads\/2014\/04\/fic20091113_081133.png?w=150\" alt=\"FIC20091113_081133\" width=\"127\" height=\"86\" \/><\/a>Adem\u00e1s los lectores que usen la biblioteca este d\u00eda ser\u00e1n obsequiados con marcap\u00e1ginas de la biblioteca y un libro.<\/p>\n<p>&nbsp;<\/p>\n","protected":false},"excerpt":{"rendered":"<p>\u00a0\u00a0\u00a0\u00a0 La celebraci\u00f3n del d\u00eda del libro se remonta a principios de siglo. La historia del libro se hace festiva y surgen actividades literarias en toda Espa\u00f1a. El d\u00eda 23 de abril se celebra en todo el mundo, el d\u00eda del libro internacional. Con motivo de la celebraci\u00f3n del D\u00eda del Libro, y coincidiendo este [&hellip;]<\/p>\n","protected":false},"author":2,"featured_media":0,"comment_status":"open","ping_status":"open","sticky":false,"template":"","format":"standard","meta":{"footnotes":""},"categories":[3,2126,14,18,20,34],"tags":[51,52,101,108,285,286,356,364,447,619,645,646,767,1231,1241,1590],"class_list":["post-3028","post","type-post","status-publish","format-standard","hentry","category-actividades","category-espanol","category-eventos","category-fiestas-2","category-horarios-2","category-uncategorized","tag-23-de-abril","tag-23-de-abril-2014","tag-actividades-2","tag-actividades-dia-del-libro","tag-biblioteca","tag-biblioteca-publica-de-caravaca-de-la-cruz","tag-caravaca","tag-caravaca-de-la-cruz","tag-celebracion-del-dia-del-libro","tag-cuenta-cuentos","tag-dia-del-libro","tag-dia-del-libro-2014","tag-el-dia-del-libro","tag-lectura","tag-libro-y-flor","tag-platero-y-yo"],"_links":{"self":[{"href":"https:\/\/www.turismocaravaca.com\/blog\/wp-json\/wp\/v2\/posts\/3028"}],"collection":[{"href":"https:\/\/www.turismocaravaca.com\/blog\/wp-json\/wp\/v2\/posts"}],"about":[{"href":"https:\/\/www.turismocaravaca.com\/blog\/wp-json\/wp\/v2\/types\/post"}],"author":[{"embeddable":true,"href":"https:\/\/www.turismocaravaca.com\/blog\/wp-json\/wp\/v2\/users\/2"}],"replies":[{"embeddable":true,"href":"https:\/\/www.turismocaravaca.com\/blog\/wp-json\/wp\/v2\/comments?post=3028"}],"version-history":[{"count":1,"href":"https:\/\/www.turismocaravaca.com\/blog\/wp-json\/wp\/v2\/posts\/3028\/revisions"}],"predecessor-version":[{"id":6405,"href":"https:\/\/www.turismocaravaca.com\/blog\/wp-json\/wp\/v2\/posts\/3028\/revisions\/6405"}],"wp:attachment":[{"href":"https:\/\/www.turismocaravaca.com\/blog\/wp-json\/wp\/v2\/media?parent=3028"}],"wp:term":[{"taxonomy":"category","embeddable":true,"href":"https:\/\/www.turismocaravaca.com\/blog\/wp-json\/wp\/v2\/categories?post=3028"},{"taxonomy":"post_tag","embeddable":true,"href":"https:\/\/www.turismocaravaca.com\/blog\/wp-json\/wp\/v2\/tags?post=3028"}],"curies":[{"name":"wp","href":"https:\/\/api.w.org\/{rel}","templated":true}]}}