{"id":310,"date":"2012-04-30T07:46:01","date_gmt":"2012-04-30T07:46:01","guid":{"rendered":"http:\/\/turismocaravaca.wordpress.com\/?p=310"},"modified":"2017-09-04T16:38:24","modified_gmt":"2017-09-04T16:38:24","slug":"fiestas-en-honor-a-la-stma-y-vera-cruz-de-caravaca-2012","status":"publish","type":"post","link":"https:\/\/www.turismocaravaca.com\/blog\/fiestas-en-honor-a-la-stma-y-vera-cruz-de-caravaca-2012\/","title":{"rendered":"Fiestas en Honor a la Stma. y Vera Cruz de Caravaca 2012"},"content":{"rendered":"<p><a href=\"http:\/\/localhost:81\/turismo\/blog\/wp-content\/uploads\/2012\/04\/528970_232696466834291_183926845044587_349390_1128332945_n1.jpg\"><img loading=\"lazy\" decoding=\"async\" class=\"alignleft size-medium wp-image-334\" title=\"528970_232696466834291_183926845044587_349390_1128332945_n[1]\" src=\"http:\/\/localhost:81\/turismo\/blog\/wp-content\/uploads\/2012\/04\/528970_232696466834291_183926845044587_349390_1128332945_n1.jpg?w=200\" alt=\"\" width=\"200\" height=\"300\" srcset=\"https:\/\/www.turismocaravaca.com\/blog\/wp-content\/uploads\/2012\/04\/528970_232696466834291_183926845044587_349390_1128332945_n1.jpg 214w, https:\/\/www.turismocaravaca.com\/blog\/wp-content\/uploads\/2012\/04\/528970_232696466834291_183926845044587_349390_1128332945_n1-201x300.jpg 201w\" sizes=\"(max-width: 200px) 100vw, 200px\" \/><\/a><\/p>\n<p>Empiezan las Fiestas de la Stma. y Vera Cruz, este a\u00f1o con una caracter\u00edstica muy especial, la candidatura de nuestros Caballos del Vino a Patrimonio Inmaterial de la UNESCO. Desde aqu\u00ed queremos invitarte a participar en dichas fiestas y animarte a apoyar a Los Caballos del Vino en\u00a0un evento de tanta transcendencia.<\/p>\n<p>Si tienes en cuenta Twitter, entonces esto te interesa. Vamos a intentar que el d\u00eda 2 de mayo amanezca con los #CaballosDelVino como TT.<\/p>\n<p>En la noche del 1 al 2 de mayo, desde las 4 de la madrugada hasta las 10 de la ma\u00f1ana necesitamos que al menos 500 usuarios de Twitter utilicen el hashtag #CaballosDelVino en m\u00e1s de 1200 tweets. Es complicado, pero puede hacerse.<\/p>\n<p>Avisa a tus amigos, hermanos, primos, compa\u00f1eros de pe\u00f1a, a todo el mundo que sepas que utiliza Twitter. Coged vuestros tel\u00e9fonos m\u00f3viles y tweetear, escribid sobre los caballos del vino, haced fotos, retweetear lo que otros digan, utilizad SIEMPRE #CaballosdelVino.<\/p>\n<p>Si conseguimos eso, haremos que los Caballos del Vino sean uno de los temas m\u00e1s comentados en la Red Social durante el inicio del d\u00eda en Espa\u00f1a. \u00a1Qu\u00e9 toda Espa\u00f1a sepa que es 2 de mayo en Caravaca y que los Caballos est\u00e1n en la calle!<\/p>\n<p>Recordad, utilizad masivamente #CaballosdelVino desde las 4 de la ma\u00f1ana a las 10 del d\u00eda 1 al 2 de mayo.<\/p>\n<p>\u00a1Gracias por el apoyo! \ud83d\ude09<\/p>\n<p>Si quer\u00e9is,\u00a0pod\u00e9is descargar\u00a0el Programa Oficial de nuestras Fiestas Patronales, <a title=\"Programa fiestas\" href=\"http:\/\/www.turismocaravaca.org\/noticiasyagenda\/wp-content\/uploads\/2012\/04\/calenadario2-baja.pdf\">aqu\u00ed<\/a>.<\/p>\n<p><a href=\"http:\/\/localhost:81\/turismo\/blog\/wp-content\/uploads\/2012\/04\/copia-de-cartel-fiestas-2012-peq-214x3001.jpg\"><img loading=\"lazy\" decoding=\"async\" class=\"aligncenter size-full wp-image-312\" title=\"CARTEL-FIESTAS-2012\" src=\"http:\/\/localhost:81\/turismo\/blog\/wp-content\/uploads\/2012\/04\/copia-de-cartel-fiestas-2012-peq-214x3001.jpg\" alt=\"\" width=\"214\" height=\"300\" \/><\/a><\/p>\n","protected":false},"excerpt":{"rendered":"<p>Empiezan las Fiestas de la Stma. y Vera Cruz, este a\u00f1o con una caracter\u00edstica muy especial, la candidatura de nuestros Caballos del Vino a Patrimonio Inmaterial de la UNESCO. Desde aqu\u00ed queremos invitarte a participar en dichas fiestas y animarte a apoyar a Los Caballos del Vino en\u00a0un evento de tanta transcendencia. Si tienes en [&hellip;]<\/p>\n","protected":false},"author":2,"featured_media":0,"comment_status":"open","ping_status":"open","sticky":false,"template":"","format":"standard","meta":{"footnotes":""},"categories":[2126,18],"tags":[],"class_list":["post-310","post","type-post","status-publish","format-standard","hentry","category-espanol","category-fiestas-2"],"_links":{"self":[{"href":"https:\/\/www.turismocaravaca.com\/blog\/wp-json\/wp\/v2\/posts\/310"}],"collection":[{"href":"https:\/\/www.turismocaravaca.com\/blog\/wp-json\/wp\/v2\/posts"}],"about":[{"href":"https:\/\/www.turismocaravaca.com\/blog\/wp-json\/wp\/v2\/types\/post"}],"author":[{"embeddable":true,"href":"https:\/\/www.turismocaravaca.com\/blog\/wp-json\/wp\/v2\/users\/2"}],"replies":[{"embeddable":true,"href":"https:\/\/www.turismocaravaca.com\/blog\/wp-json\/wp\/v2\/comments?post=310"}],"version-history":[{"count":1,"href":"https:\/\/www.turismocaravaca.com\/blog\/wp-json\/wp\/v2\/posts\/310\/revisions"}],"predecessor-version":[{"id":6257,"href":"https:\/\/www.turismocaravaca.com\/blog\/wp-json\/wp\/v2\/posts\/310\/revisions\/6257"}],"wp:attachment":[{"href":"https:\/\/www.turismocaravaca.com\/blog\/wp-json\/wp\/v2\/media?parent=310"}],"wp:term":[{"taxonomy":"category","embeddable":true,"href":"https:\/\/www.turismocaravaca.com\/blog\/wp-json\/wp\/v2\/categories?post=310"},{"taxonomy":"post_tag","embeddable":true,"href":"https:\/\/www.turismocaravaca.com\/blog\/wp-json\/wp\/v2\/tags?post=310"}],"curies":[{"name":"wp","href":"https:\/\/api.w.org\/{rel}","templated":true}]}}