{"id":3199,"date":"2014-08-12T11:42:40","date_gmt":"2014-08-12T11:42:40","guid":{"rendered":"http:\/\/turismocaravaca.wordpress.com\/?p=3199"},"modified":"2017-09-04T16:43:13","modified_gmt":"2017-09-04T16:43:13","slug":"programacion-cultural-para-estos-dias-en-caravaca-de-la-cruz","status":"publish","type":"post","link":"https:\/\/www.turismocaravaca.com\/blog\/programacion-cultural-para-estos-dias-en-caravaca-de-la-cruz\/","title":{"rendered":"Programaci\u00f3n cultural para estos d\u00edas en Caravaca de la Cruz"},"content":{"rendered":"<p style=\"text-align:justify;\">Si este domingo no pudiste ver la pel\u00edcula <strong>\u201cComo Entrenar a tu Drag\u00f3n 2\u201d,<\/strong> ahora tienes una nueva oportunidad, porque martes <strong>a las 20:30 horas <\/strong>en el<strong> Teatro Thuillier<\/strong> se vuelve a proyectar esta divertid\u00edsima pel\u00edcula.<\/p>\n<p style=\"text-align:justify;\">Una pel\u00edcula de animaci\u00f3n y aventuras apta para todos los p\u00fablicos y que no os pod\u00e9is perder.<a href=\"http:\/\/localhost:81\/turismo\/blog\/wp-content\/uploads\/2014\/08\/c_mo_entrenar_a_tu_drag_n_2-726409126-large.jpg\"><img loading=\"lazy\" decoding=\"async\" class=\"aligncenter size-medium wp-image-3200\" src=\"http:\/\/localhost:81\/turismo\/blog\/wp-content\/uploads\/2014\/08\/c_mo_entrenar_a_tu_drag_n_2-726409126-large.jpg?w=202\" alt=\"C_mo_entrenar_a_tu_drag_n_2-726409126-large\" width=\"202\" height=\"300\" srcset=\"https:\/\/www.turismocaravaca.com\/blog\/wp-content\/uploads\/2014\/08\/c_mo_entrenar_a_tu_drag_n_2-726409126-large.jpg 809w, https:\/\/www.turismocaravaca.com\/blog\/wp-content\/uploads\/2014\/08\/c_mo_entrenar_a_tu_drag_n_2-726409126-large-202x300.jpg 202w, https:\/\/www.turismocaravaca.com\/blog\/wp-content\/uploads\/2014\/08\/c_mo_entrenar_a_tu_drag_n_2-726409126-large-690x1024.jpg 690w\" sizes=\"(max-width: 202px) 100vw, 202px\" \/><\/a><\/p>\n<p style=\"text-align:justify;\">Y ma\u00f1ana\u2026<\/p>\n<p style=\"text-align:justify;\">\u00a1\u00a1\u00a1Noche de Gospel!!! Actuaci\u00f3n Estival de <strong>Aba Taano<\/strong> en Caravaca.<\/p>\n<p style=\"text-align:justify;\">El grupo vocal ugand\u00e9s Aba Taano cantar\u00e1 ma\u00f1ana <strong>mi\u00e9rcoles 13 de agosto<\/strong>, a las <strong>19:30h<\/strong>, en la misa oficiada por los Padres Carmelitas en la Iglesia de Nuestra Se\u00f1ora del Carmen, ubicada en La Corredera de Caravaca.<\/p>\n<p style=\"text-align:justify;\">Despu\u00e9s de la misa, bajo el t\u00edtulo \u00abSummertime, la noche del gospel\u00bb, ofrecer\u00e1n en la capilla anexa una actuaci\u00f3n muy especial, antes de regresar a Uganda de su gira europea, tras cosechar un gran \u00e9xito en Riga, Letonia, al conseguir el pasado mes de julio en el pa\u00eds b\u00e1ltico la Medalla de Oro de la World Choir Games -m\u00e1xima distinci\u00f3n en su categor\u00eda de las Olimpiadas de la Voz.<a href=\"http:\/\/localhost:81\/turismo\/blog\/wp-content\/uploads\/2014\/08\/2014-08-13-aba-taano-caravaca-de-la-cruz-f-1.jpg\"><img loading=\"lazy\" decoding=\"async\" class=\"aligncenter size-medium wp-image-3201\" src=\"http:\/\/localhost:81\/turismo\/blog\/wp-content\/uploads\/2014\/08\/2014-08-13-aba-taano-caravaca-de-la-cruz-f-1.jpg?w=212\" alt=\"2014.08.13 ABA TAANO Caravaca de la Cruz (f) (1)\" width=\"212\" height=\"300\" srcset=\"https:\/\/www.turismocaravaca.com\/blog\/wp-content\/uploads\/2014\/08\/2014-08-13-aba-taano-caravaca-de-la-cruz-f-1.jpg 1061w, https:\/\/www.turismocaravaca.com\/blog\/wp-content\/uploads\/2014\/08\/2014-08-13-aba-taano-caravaca-de-la-cruz-f-1-212x300.jpg 212w, https:\/\/www.turismocaravaca.com\/blog\/wp-content\/uploads\/2014\/08\/2014-08-13-aba-taano-caravaca-de-la-cruz-f-1-724x1024.jpg 724w\" sizes=\"(max-width: 212px) 100vw, 212px\" \/><\/a><\/p>\n<p style=\"text-align:justify;\">Esta maravillosa iniciativa es para la recaudaci\u00f3n de fondos para ayuda de ni\u00f1os hu\u00e9rfanos de Uganda, creciendo y aprendiendo a trav\u00e9s de la m\u00fasica y la danza para mejora de su propio Pa\u00eds.<\/p>\n","protected":false},"excerpt":{"rendered":"<p>Si este domingo no pudiste ver la pel\u00edcula \u201cComo Entrenar a tu Drag\u00f3n 2\u201d, ahora tienes una nueva oportunidad, porque martes a las 20:30 horas en el Teatro Thuillier se vuelve a proyectar esta divertid\u00edsima pel\u00edcula. Una pel\u00edcula de animaci\u00f3n y aventuras apta para todos los p\u00fablicos y que no os pod\u00e9is perder. Y ma\u00f1ana\u2026 [&hellip;]<\/p>\n","protected":false},"author":2,"featured_media":0,"comment_status":"open","ping_status":"open","sticky":false,"template":"","format":"standard","meta":{"footnotes":""},"categories":[2126,34],"tags":[],"class_list":["post-3199","post","type-post","status-publish","format-standard","hentry","category-espanol","category-uncategorized"],"_links":{"self":[{"href":"https:\/\/www.turismocaravaca.com\/blog\/wp-json\/wp\/v2\/posts\/3199"}],"collection":[{"href":"https:\/\/www.turismocaravaca.com\/blog\/wp-json\/wp\/v2\/posts"}],"about":[{"href":"https:\/\/www.turismocaravaca.com\/blog\/wp-json\/wp\/v2\/types\/post"}],"author":[{"embeddable":true,"href":"https:\/\/www.turismocaravaca.com\/blog\/wp-json\/wp\/v2\/users\/2"}],"replies":[{"embeddable":true,"href":"https:\/\/www.turismocaravaca.com\/blog\/wp-json\/wp\/v2\/comments?post=3199"}],"version-history":[{"count":1,"href":"https:\/\/www.turismocaravaca.com\/blog\/wp-json\/wp\/v2\/posts\/3199\/revisions"}],"predecessor-version":[{"id":6376,"href":"https:\/\/www.turismocaravaca.com\/blog\/wp-json\/wp\/v2\/posts\/3199\/revisions\/6376"}],"wp:attachment":[{"href":"https:\/\/www.turismocaravaca.com\/blog\/wp-json\/wp\/v2\/media?parent=3199"}],"wp:term":[{"taxonomy":"category","embeddable":true,"href":"https:\/\/www.turismocaravaca.com\/blog\/wp-json\/wp\/v2\/categories?post=3199"},{"taxonomy":"post_tag","embeddable":true,"href":"https:\/\/www.turismocaravaca.com\/blog\/wp-json\/wp\/v2\/tags?post=3199"}],"curies":[{"name":"wp","href":"https:\/\/api.w.org\/{rel}","templated":true}]}}