{"id":3206,"date":"2014-08-19T08:05:09","date_gmt":"2014-08-19T08:05:09","guid":{"rendered":"http:\/\/turismocaravaca.wordpress.com\/?p=3206"},"modified":"2017-09-04T16:43:13","modified_gmt":"2017-09-04T16:43:13","slug":"malefica-en-el-thuillier-de-caravaca-de-la-cruz","status":"publish","type":"post","link":"https:\/\/www.turismocaravaca.com\/blog\/malefica-en-el-thuillier-de-caravaca-de-la-cruz\/","title":{"rendered":"Mal\u00e9fica en el Thuillier de Caravaca de la Cruz"},"content":{"rendered":"<p style=\"text-align:justify;\">El Teatro Thuillier de nuestra localidad, sigue acogiendo durante este mes de agosto grandes estrenos de cine.<\/p>\n<p style=\"text-align:justify;\">Hoy <strong>martes, 19 de agosto, a las 20:30h<\/strong>., Disney nos presenta la historia jam\u00e1s contada de <strong>Mal\u00e9fica<\/strong>, la villana m\u00e1s querida del cl\u00e1sico de 1959 \u00abLa Bella Durmiente\u00bb. <a href=\"http:\/\/localhost:81\/turismo\/blog\/wp-content\/uploads\/2014\/08\/malc3a9fica.jpg\"><img loading=\"lazy\" decoding=\"async\" class=\"aligncenter size-medium wp-image-3209\" src=\"http:\/\/localhost:81\/turismo\/blog\/wp-content\/uploads\/2014\/08\/malc3a9fica.jpg?w=202\" alt=\"Mal\u00e9fica\" width=\"202\" height=\"300\" srcset=\"https:\/\/www.turismocaravaca.com\/blog\/wp-content\/uploads\/2014\/08\/malc3a9fica.jpg 400w, https:\/\/www.turismocaravaca.com\/blog\/wp-content\/uploads\/2014\/08\/malc3a9fica-202x300.jpg 202w\" sizes=\"(max-width: 202px) 100vw, 202px\" \/><\/a><\/p>\n<p style=\"text-align:justify;\">Dirigida por Robert Stromberg, e interpretada por Angelina Jolie, Elle Fanning, Juno Temple, entre otros\u2026, nos contar\u00e1 la historia de Mal\u00e9fica, una bell\u00edsima joven con un coraz\u00f3n puro y unas asombrosas alas negras que crece en un entorno id\u00edlico, un apacible reino en el bosque, hasta que un d\u00eda un ej\u00e9rcito de invasores humanos amenaza la armon\u00eda del pa\u00eds. Mal\u00e9fica se erige en la temible protectora de su reino, pero al final es objeto de una despiadada traici\u00f3n que endurecer\u00e1 su coraz\u00f3n hasta convertirlo en piedra.<\/p>\n","protected":false},"excerpt":{"rendered":"<p>El Teatro Thuillier de nuestra localidad, sigue acogiendo durante este mes de agosto grandes estrenos de cine. Hoy martes, 19 de agosto, a las 20:30h., Disney nos presenta la historia jam\u00e1s contada de Mal\u00e9fica, la villana m\u00e1s querida del cl\u00e1sico de 1959 \u00abLa Bella Durmiente\u00bb. Dirigida por Robert Stromberg, e interpretada por Angelina Jolie, Elle [&hellip;]<\/p>\n","protected":false},"author":2,"featured_media":0,"comment_status":"open","ping_status":"open","sticky":false,"template":"","format":"standard","meta":{"footnotes":""},"categories":[3,2126],"tags":[104,125,359,364,1919],"class_list":["post-3206","post","type-post","status-publish","format-standard","hentry","category-actividades","category-espanol","tag-actividades-caravaca","tag-actividades-verano-caravaca","tag-caravaca-cine","tag-caravaca-de-la-cruz","tag-teatro-thuillier-2014"],"_links":{"self":[{"href":"https:\/\/www.turismocaravaca.com\/blog\/wp-json\/wp\/v2\/posts\/3206"}],"collection":[{"href":"https:\/\/www.turismocaravaca.com\/blog\/wp-json\/wp\/v2\/posts"}],"about":[{"href":"https:\/\/www.turismocaravaca.com\/blog\/wp-json\/wp\/v2\/types\/post"}],"author":[{"embeddable":true,"href":"https:\/\/www.turismocaravaca.com\/blog\/wp-json\/wp\/v2\/users\/2"}],"replies":[{"embeddable":true,"href":"https:\/\/www.turismocaravaca.com\/blog\/wp-json\/wp\/v2\/comments?post=3206"}],"version-history":[{"count":1,"href":"https:\/\/www.turismocaravaca.com\/blog\/wp-json\/wp\/v2\/posts\/3206\/revisions"}],"predecessor-version":[{"id":6374,"href":"https:\/\/www.turismocaravaca.com\/blog\/wp-json\/wp\/v2\/posts\/3206\/revisions\/6374"}],"wp:attachment":[{"href":"https:\/\/www.turismocaravaca.com\/blog\/wp-json\/wp\/v2\/media?parent=3206"}],"wp:term":[{"taxonomy":"category","embeddable":true,"href":"https:\/\/www.turismocaravaca.com\/blog\/wp-json\/wp\/v2\/categories?post=3206"},{"taxonomy":"post_tag","embeddable":true,"href":"https:\/\/www.turismocaravaca.com\/blog\/wp-json\/wp\/v2\/tags?post=3206"}],"curies":[{"name":"wp","href":"https:\/\/api.w.org\/{rel}","templated":true}]}}