{"id":3251,"date":"2014-09-16T13:02:50","date_gmt":"2014-09-16T13:02:50","guid":{"rendered":"http:\/\/turismocaravaca.wordpress.com\/?p=3251"},"modified":"2017-09-04T16:43:54","modified_gmt":"2017-09-04T16:43:54","slug":"el-colectivo-internacional-arte-total-2-0-expone-en-caravaca-de-la-cruz","status":"publish","type":"post","link":"https:\/\/www.turismocaravaca.com\/blog\/el-colectivo-internacional-arte-total-2-0-expone-en-caravaca-de-la-cruz\/","title":{"rendered":"El colectivo internacional \u201cArte Total 2.0\u201d expone en Caravaca de la Cruz"},"content":{"rendered":"<p style=\"text-align:justify;\">\u00a0\u00a0\u00a0\u00a0\u00a0\u00a0\u00a0\u00a0\u00a0\u00a0\u00a0\u00a0\u00a0\u00a0\u00a0\u00a0\u00a0\u00a0\u00a0\u00a0\u00a0\u00a0\u00a0\u00a0\u00a0 La Antigua Iglesia de la Compa\u00f1\u00eda de Jes\u00fas, re\u00fane obras de m\u00e1s de veinte artistas que participan en un proyecto com\u00fan de arte contempor\u00e1neo.<br \/>\nLa exposici\u00f3n, formada por obras de m\u00e1s de veinte autores, entre ellos cinco murcianos, se puede visitar <strong>hasta el 3 de octubre<\/strong> en la antigua Compa\u00f1\u00eda de Jes\u00fas, de <strong>18:00 a 21:00 horas<\/strong>. <a href=\"http:\/\/localhost:81\/turismo\/blog\/wp-content\/uploads\/2014\/09\/projet-cartel3.jpg\"><img loading=\"lazy\" decoding=\"async\" class=\"aligncenter  wp-image-3252\" src=\"http:\/\/localhost:81\/turismo\/blog\/wp-content\/uploads\/2014\/09\/projet-cartel3.jpg?w=529\" alt=\"Projet Cartel3\" width=\"335\" height=\"488\" \/><\/a><br \/>\nDesde la Concejal\u00eda de Cultura y el colectivo<strong> \u201cArte Total 2.0\u201d<\/strong>, han realizado una invitaci\u00f3n p\u00fablica a la inauguraci\u00f3n de la muestra, programada para el pr\u00f3ximo jueves 18 de septiembre, a las 21:00 horas.<br \/>\n<a href=\"http:\/\/localhost:81\/turismo\/blog\/wp-content\/uploads\/2014\/09\/exposicioncolectivoartetotal04.jpg\"><img loading=\"lazy\" decoding=\"async\" class=\"alignright size-medium wp-image-3254\" src=\"http:\/\/localhost:81\/turismo\/blog\/wp-content\/uploads\/2014\/09\/exposicioncolectivoartetotal04.jpg?w=300\" alt=\"ExposicionColectivoArteTotal04\" width=\"300\" height=\"201\" srcset=\"https:\/\/www.turismocaravaca.com\/blog\/wp-content\/uploads\/2014\/09\/exposicioncolectivoartetotal04.jpg 4614w, https:\/\/www.turismocaravaca.com\/blog\/wp-content\/uploads\/2014\/09\/exposicioncolectivoartetotal04-300x202.jpg 300w, https:\/\/www.turismocaravaca.com\/blog\/wp-content\/uploads\/2014\/09\/exposicioncolectivoartetotal04-1024x688.jpg 1024w\" sizes=\"(max-width: 300px) 100vw, 300px\" \/><\/a>El colectivo \u201cArte Total 2.0\u201d surge de la uni\u00f3n de diferentes artistas contempor\u00e1neos de todo el mundo, cada uno con su estilo y manera de ver el arte en el S.XXI. Las obras que se muestran trazan un recorrido en la exploraci\u00f3n creativa del artista, en el uso de materiales, conceptos art\u00edsticos y la originalidad en sus acabados. Se trata de un proyecto que integra una selecci\u00f3n de fotograf\u00edas, reciclados, esculturas, video arte, poes\u00eda, collages, dibujo y arte esc\u00e9nico.<\/p>\n","protected":false},"excerpt":{"rendered":"<p>\u00a0\u00a0\u00a0\u00a0\u00a0\u00a0\u00a0\u00a0\u00a0\u00a0\u00a0\u00a0\u00a0\u00a0\u00a0\u00a0\u00a0\u00a0\u00a0\u00a0\u00a0\u00a0\u00a0\u00a0\u00a0 La Antigua Iglesia de la Compa\u00f1\u00eda de Jes\u00fas, re\u00fane obras de m\u00e1s de veinte artistas que participan en un proyecto com\u00fan de arte contempor\u00e1neo. La exposici\u00f3n, formada por obras de m\u00e1s de veinte autores, entre ellos cinco murcianos, se puede visitar hasta el 3 de octubre en la antigua Compa\u00f1\u00eda de Jes\u00fas, de 18:00 [&hellip;]<\/p>\n","protected":false},"author":2,"featured_media":0,"comment_status":"open","ping_status":"open","sticky":false,"template":"","format":"standard","meta":{"footnotes":""},"categories":[3,4,7,13,2126,14,16,20,21,22,24,28,34],"tags":[199,200,202,203,356,508,524,884,891,898,1095],"class_list":["post-3251","post","type-post","status-publish","format-standard","hentry","category-actividades","category-arte","category-bienvenida","category-escultura-2","category-espanol","category-eventos","category-exposiones","category-horarios-2","category-iglesias","category-lugares-de-interes","category-monumentos-2","category-pintura-2","category-uncategorized","tag-arte-contemporaneo-en-caravac","tag-arte-en-caravaca","tag-arte-toral-2-0-en-caravaca-de-la-cruz","tag-arte-total-2-0","tag-caravaca","tag-colectivo-internacional-arte-total-2-0-en-caravaca","tag-compania-de-jesus","tag-exposicion-de-arte-en-caravaca","tag-exposicion-del-colectivo-arte-total","tag-exposiciones-caravaca-de-la-cruz","tag-iglesia-de-la-compania-de-jesus"],"_links":{"self":[{"href":"https:\/\/www.turismocaravaca.com\/blog\/wp-json\/wp\/v2\/posts\/3251"}],"collection":[{"href":"https:\/\/www.turismocaravaca.com\/blog\/wp-json\/wp\/v2\/posts"}],"about":[{"href":"https:\/\/www.turismocaravaca.com\/blog\/wp-json\/wp\/v2\/types\/post"}],"author":[{"embeddable":true,"href":"https:\/\/www.turismocaravaca.com\/blog\/wp-json\/wp\/v2\/users\/2"}],"replies":[{"embeddable":true,"href":"https:\/\/www.turismocaravaca.com\/blog\/wp-json\/wp\/v2\/comments?post=3251"}],"version-history":[{"count":1,"href":"https:\/\/www.turismocaravaca.com\/blog\/wp-json\/wp\/v2\/posts\/3251\/revisions"}],"predecessor-version":[{"id":6468,"href":"https:\/\/www.turismocaravaca.com\/blog\/wp-json\/wp\/v2\/posts\/3251\/revisions\/6468"}],"wp:attachment":[{"href":"https:\/\/www.turismocaravaca.com\/blog\/wp-json\/wp\/v2\/media?parent=3251"}],"wp:term":[{"taxonomy":"category","embeddable":true,"href":"https:\/\/www.turismocaravaca.com\/blog\/wp-json\/wp\/v2\/categories?post=3251"},{"taxonomy":"post_tag","embeddable":true,"href":"https:\/\/www.turismocaravaca.com\/blog\/wp-json\/wp\/v2\/tags?post=3251"}],"curies":[{"name":"wp","href":"https:\/\/api.w.org\/{rel}","templated":true}]}}