{"id":3257,"date":"2014-09-18T09:01:20","date_gmt":"2014-09-18T09:01:20","guid":{"rendered":"http:\/\/turismocaravaca.wordpress.com\/?p=3257"},"modified":"2017-09-04T16:43:54","modified_gmt":"2017-09-04T16:43:54","slug":"teatro-teresa-de-jesus","status":"publish","type":"post","link":"https:\/\/www.turismocaravaca.com\/blog\/teatro-teresa-de-jesus\/","title":{"rendered":"Teatro \u201cTeresa de Jes\u00fas\u201d"},"content":{"rendered":"<p style=\"text-align:justify;\">\u00a0\u00a0\u00a0\u00a0\u00a0\u00a0\u00a0\u00a0\u00a0\u00a0\u00a0\u00a0\u00a0\u00a0\u00a0\u00a0\u00a0\u00a0\u00a0\u00a0 La vida de Teresa de Jes\u00fas se pone en escena <strong>ma\u00f1ana viernes<\/strong> en el <strong>Teatro Thuillier de Caravaca de la Cruz.<\/strong><br \/>\nLa compa\u00f1\u00eda teatral \u201cAlgarab\u00eda Teatro\u201d pone en escena la vida y la obra de <strong>\u201cTeresa de Jes\u00fas\u201d<\/strong> ma\u00f1ana viernes 19 de septiembre, <strong>a las 21:00 horas<\/strong>.<br \/>\nEsta actividad forma parte de los actos que promueve el Ayuntamiento de Caravaca de la Cruz previos a la conmemoraci\u00f3n del <strong>V centenario<\/strong> del nacimiento de la m\u00edstica y del proyecto tur\u00edstico y cultural <strong>\u201cHuellas de Teresa\u201d.<\/strong><a href=\"http:\/\/localhost:81\/turismo\/blog\/wp-content\/uploads\/2014\/09\/teresa-de-jesus.jpg\"><img loading=\"lazy\" decoding=\"async\" class=\"aligncenter  wp-image-3259\" src=\"http:\/\/localhost:81\/turismo\/blog\/wp-content\/uploads\/2014\/09\/teresa-de-jesus.jpg?w=529\" alt=\"teresa-de-jesus\" width=\"341\" height=\"434\" srcset=\"https:\/\/www.turismocaravaca.com\/blog\/wp-content\/uploads\/2014\/09\/teresa-de-jesus.jpg 533w, https:\/\/www.turismocaravaca.com\/blog\/wp-content\/uploads\/2014\/09\/teresa-de-jesus-235x300.jpg 235w\" sizes=\"(max-width: 341px) 100vw, 341px\" \/><\/a><br \/>\nLa obra estar\u00e1 protagonizada por la actriz Susana Sucena, con vestuario de Cornejo. El grupo de teatro \u201cAlgarab\u00eda Teatro\u201d contar\u00e1 en esta ocasi\u00f3n con la colaboraci\u00f3n del \u201cCoro Arsis\u201d de Caravaca, que pondr\u00e1 la nota musical en determinados momentos de la representaci\u00f3n.<br \/>\nSanta Teresa de Jes\u00fas fue una religiosa, doctora de la Iglesia Cat\u00f3lica, m\u00edstica y escritora espa\u00f1ola, cuya particular biograf\u00eda se recuerda en esta representaci\u00f3n dirigida por Isidro Rodr\u00edguez.<a href=\"http:\/\/localhost:81\/turismo\/blog\/wp-content\/uploads\/2014\/09\/stateresa07.jpg\"><img loading=\"lazy\" decoding=\"async\" class=\"alignleft size-medium wp-image-3262\" src=\"http:\/\/localhost:81\/turismo\/blog\/wp-content\/uploads\/2014\/09\/stateresa07.jpg?w=199\" alt=\"StaTeresa07\" width=\"199\" height=\"300\" srcset=\"https:\/\/www.turismocaravaca.com\/blog\/wp-content\/uploads\/2014\/09\/stateresa07.jpg 533w, https:\/\/www.turismocaravaca.com\/blog\/wp-content\/uploads\/2014\/09\/stateresa07-200x300.jpg 200w\" sizes=\"(max-width: 199px) 100vw, 199px\" \/><\/a><br \/>\nLa obra intenta reflejar c\u00f3mo Teresa de Jes\u00fas luch\u00f3 contra las injusticias y se opuso a decisiones arbitrarias que fomentaban la desigualdad en la sociedad. Es una revolucionaria de aquella \u00e9poca porque toma como base su fe y se enfrenta a todos los estamentos que entiende que se alejan de los principios de la humanidad.<br \/>\n<strong>\u00a0\u00a0\u00a0\u00a0\u00a0\u00a0\u00a0\u00a0\u00a0\u00a0\u00a0\u00a0\u00a0\u00a0\u00a0\u00a0\u00a0\u00a0\u00a0\u00a0\u00a0\u00a0\u00a0\u00a0 El precio \u00fanico<\/strong> de la entrada es de <strong>5 euros<\/strong> y se puede adquirir de forma anticipada en Nueva Joyer\u00eda y antes en de la representaci\u00f3n en la taquilla del Teatro Thuillier.<\/p>\n","protected":false},"excerpt":{"rendered":"<p>\u00a0\u00a0\u00a0\u00a0\u00a0\u00a0\u00a0\u00a0\u00a0\u00a0\u00a0\u00a0\u00a0\u00a0\u00a0\u00a0\u00a0\u00a0\u00a0\u00a0 La vida de Teresa de Jes\u00fas se pone en escena ma\u00f1ana viernes en el Teatro Thuillier de Caravaca de la Cruz. La compa\u00f1\u00eda teatral \u201cAlgarab\u00eda Teatro\u201d pone en escena la vida y la obra de \u201cTeresa de Jes\u00fas\u201d ma\u00f1ana viernes 19 de septiembre, a las 21:00 horas. Esta actividad forma parte de los actos [&hellip;]<\/p>\n","protected":false},"author":2,"featured_media":0,"comment_status":"open","ping_status":"open","sticky":false,"template":"","format":"standard","meta":{"footnotes":""},"categories":[3,7,2126,14,20,22,24,34],"tags":[356,364,1904,1905,1933,2020],"class_list":["post-3257","post","type-post","status-publish","format-standard","hentry","category-actividades","category-bienvenida","category-espanol","category-eventos","category-horarios-2","category-lugares-de-interes","category-monumentos-2","category-uncategorized","tag-caravaca","tag-caravaca-de-la-cruz","tag-teatro-en-caravac","tag-teatro-en-caravaca","tag-teresa-de-jesus-en-caravaca","tag-v-centenario-en-caravaca"],"_links":{"self":[{"href":"https:\/\/www.turismocaravaca.com\/blog\/wp-json\/wp\/v2\/posts\/3257"}],"collection":[{"href":"https:\/\/www.turismocaravaca.com\/blog\/wp-json\/wp\/v2\/posts"}],"about":[{"href":"https:\/\/www.turismocaravaca.com\/blog\/wp-json\/wp\/v2\/types\/post"}],"author":[{"embeddable":true,"href":"https:\/\/www.turismocaravaca.com\/blog\/wp-json\/wp\/v2\/users\/2"}],"replies":[{"embeddable":true,"href":"https:\/\/www.turismocaravaca.com\/blog\/wp-json\/wp\/v2\/comments?post=3257"}],"version-history":[{"count":1,"href":"https:\/\/www.turismocaravaca.com\/blog\/wp-json\/wp\/v2\/posts\/3257\/revisions"}],"predecessor-version":[{"id":6467,"href":"https:\/\/www.turismocaravaca.com\/blog\/wp-json\/wp\/v2\/posts\/3257\/revisions\/6467"}],"wp:attachment":[{"href":"https:\/\/www.turismocaravaca.com\/blog\/wp-json\/wp\/v2\/media?parent=3257"}],"wp:term":[{"taxonomy":"category","embeddable":true,"href":"https:\/\/www.turismocaravaca.com\/blog\/wp-json\/wp\/v2\/categories?post=3257"},{"taxonomy":"post_tag","embeddable":true,"href":"https:\/\/www.turismocaravaca.com\/blog\/wp-json\/wp\/v2\/tags?post=3257"}],"curies":[{"name":"wp","href":"https:\/\/api.w.org\/{rel}","templated":true}]}}