{"id":3272,"date":"2014-09-30T13:07:45","date_gmt":"2014-09-30T13:07:45","guid":{"rendered":"http:\/\/turismocaravaca.wordpress.com\/?p=3272"},"modified":"2017-09-04T16:43:53","modified_gmt":"2017-09-04T16:43:53","slug":"feria-de-caravaca-de-la-cruz-2014","status":"publish","type":"post","link":"https:\/\/www.turismocaravaca.com\/blog\/feria-de-caravaca-de-la-cruz-2014\/","title":{"rendered":"Feria de Caravaca de la Cruz 2014"},"content":{"rendered":"<p style=\"text-align:justify;\">\u00a0\u00a0\u00a0\u00a0\u00a0\u00a0\u00a0\u00a0\u00a0\u00a0\u00a0\u00a0\u00a0\u00a0\u00a0\u00a0\u00a0\u00a0\u00a0\u00a0\u00a0 La Feria de Caravaca de la Cruz, que desde mediados del siglo XIV se celebra casi de forma ininterrumpida con distintas denominaciones, regresa al casco urbano de la ciudad con un nuevo enfoque y actividades dirigidas a todos los p\u00fablicos y tendr\u00e1n lugar<strong> del 10 al 12 de octubre.<a href=\"http:\/\/localhost:81\/turismo\/blog\/wp-content\/uploads\/2014\/09\/feria-de-caravaca.jpg\"><img loading=\"lazy\" decoding=\"async\" class=\"aligncenter  wp-image-3273\" src=\"http:\/\/localhost:81\/turismo\/blog\/wp-content\/uploads\/2014\/09\/feria-de-caravaca.jpg?w=529\" alt=\"Feria de Caravaca\" width=\"432\" height=\"609\" \/><\/a><\/strong><br \/>\nLa Feria de Caravaca de la Cruz, contar\u00e1 con una amplia zona dedicada a la <strong>exposici\u00f3n y venta de maquinaria agr\u00edcola y automoci\u00f3n,<\/strong> que estar\u00e1 situada en la Gran V\u00eda, a partir del cruce con la calle doctor Fleming. Las empresas caravaque\u00f1as del sector van a exponer cerca de 400 veh\u00edculos nuevos y de segunda mano de las principales marcas.<\/p>\n<p style=\"text-align:justify;\">\u00a0\u00a0\u00a0\u00a0\u00a0\u00a0\u00a0\u00a0\u00a0\u00a0\u00a0\u00a0\u00a0\u00a0\u00a0\u00a0\u00a0\u00a0\u00a0\u00a0\u00a0\u00a0 Otra de las actividades centrales ser\u00e1 la <strong>Feria Internacional de la Cerveza<\/strong>, que estar\u00e1 patrocinada por Budweiser. El evento se desarrollar\u00e1 en una carpa, de cuatrocientos metros cuadrados en la Gran V\u00eda, donde se suceder\u00e1n los conciertos y degustaciones de comida internacional, entre otras actividades.<br \/>\nEl paseo de la Corredera acoger\u00e1 el s\u00e1bado, 11 de octubre, de las 10:00 a las 20:00 horas, el <strong>I Mercado de Antig\u00fcedades, Coleccionismo y Segunda Mano.<\/strong> <a href=\"http:\/\/localhost:81\/turismo\/blog\/wp-content\/uploads\/2014\/09\/4-cartel-mdo-antiguedades.jpg\"><img loading=\"lazy\" decoding=\"async\" class=\"alignright  wp-image-3275\" src=\"http:\/\/localhost:81\/turismo\/blog\/wp-content\/uploads\/2014\/09\/4-cartel-mdo-antiguedades.jpg?w=244\" alt=\"4.Cartel Mdo.Antiguedades...\" width=\"219\" height=\"267\" \/><\/a><br \/>\nLa parte dedicada al mundo del caballo se desarrollar\u00e1 en las instalaciones del Club H\u00edpico de Caravaca de la Cruz, con el <strong>Concurso Territorial de<\/strong> <strong>Doma Vaquera<\/strong> (s\u00e1bado, 11 de octubre, a las 11:00 horas) y el <strong>Concurso Social de<\/strong> <strong>Doma Cl\u00e1sica<\/strong> (domingo, 12 de octubre, a las 9:00 horas).<br \/>\nPor otra parte, en el recinto ferial situado junto al complejo deportivo Francisco Fern\u00e1ndez Torralba, se instalar\u00e1n <strong>atracciones infantiles<\/strong> durante los tres d\u00edas de feria.<br \/>\nEl s\u00e1bado, 11 de octubre, a las 17:00 horas se celebrar\u00e1 el <strong>Festival Taurino Mixto,<\/strong> con la participaci\u00f3n de Antonio Jos\u00e9 L\u00f3pez \u201cEl Rubio\u201d, Manuel Moreno, Salvador Vega y Antonio Puerta. Dentro de este festival, tendr\u00e1 lugar el <strong>II Concurso de Recortadores<\/strong> a cargo de pe\u00f1as del Bando de los Caballos del Vino.<br \/>\nCompletan el programa taurino la presentaci\u00f3n del libro \u201cC\u00f3mo un cipr\u00e9s, Manolete\u201d, de Pedro Ballester Lorca, (jueves, 9 de octubre, a las 21:00 horas, en la Compa\u00f1\u00eda de Jes\u00fas) y los \u201cAperitivos Taurinos\u201d (s\u00e1bado, 11 de octubre, a las 13:00 horas en la carpa de la Feria de la Cerveza).<br \/>\n<a href=\"http:\/\/localhost:81\/turismo\/blog\/wp-content\/uploads\/2014\/09\/berto-romero.jpg\"><img loading=\"lazy\" decoding=\"async\" class=\"alignleft size-medium wp-image-3274\" src=\"http:\/\/localhost:81\/turismo\/blog\/wp-content\/uploads\/2014\/09\/berto-romero.jpg?w=210\" alt=\"berto romero\" width=\"210\" height=\"300\" srcset=\"https:\/\/www.turismocaravaca.com\/blog\/wp-content\/uploads\/2014\/09\/berto-romero.jpg 672w, https:\/\/www.turismocaravaca.com\/blog\/wp-content\/uploads\/2014\/09\/berto-romero-210x300.jpg 210w\" sizes=\"(max-width: 210px) 100vw, 210px\" \/><\/a>El programa de la nueva Feria de Caravaca de la Cruz quedar\u00e1 clausurado el domingo, 12 de octubre, a las 20:00 horas en el Teatro Thuillier con el <strong>mon\u00f3logo \u201cBerto Romero, sigue con nosotros\u201d.<\/strong><br \/>\nLa primera referencia documental de la feria de Caravaca de la Cruz data de 1573. El evento se realizaba en la plaza p\u00fablica, aunque pronto fue extendi\u00e9ndose por las calles adyacentes, incluyendo festejos y actividades de entretenimiento. La feria de ganados continu\u00f3 hasta finales de los a\u00f1os 60 del pasado siglo, recuper\u00e1ndose alg\u00fan tiempo despu\u00e9s en el Pol\u00edgono Industrial de Cavila, convertida primero en agropecuaria e industrial y finalmente en Feria del Caballo.<\/p>\n","protected":false},"excerpt":{"rendered":"<p>\u00a0\u00a0\u00a0\u00a0\u00a0\u00a0\u00a0\u00a0\u00a0\u00a0\u00a0\u00a0\u00a0\u00a0\u00a0\u00a0\u00a0\u00a0\u00a0\u00a0\u00a0 La Feria de Caravaca de la Cruz, que desde mediados del siglo XIV se celebra casi de forma ininterrumpida con distintas denominaciones, regresa al casco urbano de la ciudad con un nuevo enfoque y actividades dirigidas a todos los p\u00fablicos y tendr\u00e1n lugar del 10 al 12 de octubre. La Feria de Caravaca de [&hellip;]<\/p>\n","protected":false},"author":2,"featured_media":0,"comment_status":"open","ping_status":"open","sticky":false,"template":"","format":"standard","meta":{"footnotes":""},"categories":[3,5,7,10,2126,14,15,16,17,18,19,20,22,23,26,34],"tags":[38,284,356,364,721,723,912,913,914,915,918,919,927,928,1199,1202],"class_list":["post-3272","post","type-post","status-publish","format-standard","hentry","category-actividades","category-artesania","category-bienvenida","category-conciertos-2","category-espanol","category-eventos","category-exhibiciones","category-exposiones","category-ferias","category-fiestas-2","category-gastronomia-3","category-horarios-2","category-lugares-de-interes","category-mercado-2","category-naturaleza-2","category-uncategorized","tag-12-de-octubre","tag-berto-romero-en-caravaca","tag-caravaca","tag-caravaca-de-la-cruz","tag-doma-clasica-caravaca","tag-doma-vaquera-caravaca","tag-feria","tag-feria-2014","tag-feria-agroindustrial","tag-feria-agroindustrial-2014-caravaca","tag-feria-de-caravaca-2014","tag-feria-de-caravaca-de-la-cruz","tag-feria-del-caballo-2014","tag-feria-del-caballo-2014-caravaca","tag-la-feria","tag-la-feria-internacional-de-la-cerveza"],"_links":{"self":[{"href":"https:\/\/www.turismocaravaca.com\/blog\/wp-json\/wp\/v2\/posts\/3272"}],"collection":[{"href":"https:\/\/www.turismocaravaca.com\/blog\/wp-json\/wp\/v2\/posts"}],"about":[{"href":"https:\/\/www.turismocaravaca.com\/blog\/wp-json\/wp\/v2\/types\/post"}],"author":[{"embeddable":true,"href":"https:\/\/www.turismocaravaca.com\/blog\/wp-json\/wp\/v2\/users\/2"}],"replies":[{"embeddable":true,"href":"https:\/\/www.turismocaravaca.com\/blog\/wp-json\/wp\/v2\/comments?post=3272"}],"version-history":[{"count":1,"href":"https:\/\/www.turismocaravaca.com\/blog\/wp-json\/wp\/v2\/posts\/3272\/revisions"}],"predecessor-version":[{"id":6464,"href":"https:\/\/www.turismocaravaca.com\/blog\/wp-json\/wp\/v2\/posts\/3272\/revisions\/6464"}],"wp:attachment":[{"href":"https:\/\/www.turismocaravaca.com\/blog\/wp-json\/wp\/v2\/media?parent=3272"}],"wp:term":[{"taxonomy":"category","embeddable":true,"href":"https:\/\/www.turismocaravaca.com\/blog\/wp-json\/wp\/v2\/categories?post=3272"},{"taxonomy":"post_tag","embeddable":true,"href":"https:\/\/www.turismocaravaca.com\/blog\/wp-json\/wp\/v2\/tags?post=3272"}],"curies":[{"name":"wp","href":"https:\/\/api.w.org\/{rel}","templated":true}]}}