{"id":3337,"date":"2014-11-04T12:45:22","date_gmt":"2014-11-04T12:45:22","guid":{"rendered":"http:\/\/turismocaravaca.wordpress.com\/?p=3337"},"modified":"2017-09-04T16:43:52","modified_gmt":"2017-09-04T16:43:52","slug":"moncho-borrajo-yo-quevedo","status":"publish","type":"post","link":"https:\/\/www.turismocaravaca.com\/blog\/moncho-borrajo-yo-quevedo\/","title":{"rendered":"Moncho Borrajo. \u201cYo, Quevedo\u201d"},"content":{"rendered":"<p style=\"text-align:justify;\">\u00a0\u00a0\u00a0\u00a0\u00a0\u00a0\u00a0\u00a0\u00a0\u00a0\u00a0\u00a0\u00a0\u00a0\u00a0\u00a0\u00a0\u00a0\u00a0\u00a0\u00a0\u00a0\u00a0 Ram\u00f3n Borrajo Domarco, m\u00e1s conocido como Moncho Borrajo, lleva 42 a\u00f1os en el mundo del espect\u00e1culo, siendo considerado como uno de los c\u00f3micos m\u00e1s pol\u00edticamente incorrectos.<br \/>\nActualmente representa <strong>\u201cYo, Quevedo\u201d<\/strong>, por todo el pa\u00eds y el pr\u00f3ximo <strong>viernes 7 de noviembre<\/strong> estar\u00e1 en el <strong>Teatro Thuillier de Caravaca de la Cruz.<\/strong><br \/>\nEn esta producci\u00f3n teatral, Moncho Borrajo se ha rodeado de grandes profesionales. Junto a \u00e9l cuenta con la colaboraci\u00f3n especial de la actriz <strong>Luc\u00eda Bravo.<\/strong><a href=\"http:\/\/localhost:81\/turismo\/blog\/wp-content\/uploads\/2014\/11\/copia-de-moncho-borrajo-bueno.jpg\"><img loading=\"lazy\" decoding=\"async\" class=\"aligncenter  wp-image-3338\" src=\"http:\/\/localhost:81\/turismo\/blog\/wp-content\/uploads\/2014\/11\/copia-de-moncho-borrajo-bueno.jpg?w=529\" alt=\"Copia de Moncho Borrajo. Bueno\" width=\"371\" height=\"523\" \/><\/a><br \/>\nSe dice que Francisco de Quevedo tuvo la osad\u00eda de deslizar bajo la servilleta de Felipe IV un memorial en el que realizaba una radiograf\u00eda cr\u00edtica de la Espa\u00f1a de entonces. Esta an\u00e9cdota, ejemplo de la capacidad de los c\u00f3micos para encararse con el poder, inspira la nueva obra de Moncho Borrajo, <strong>\u00abYo, Quevedo\u201d.<\/strong><br \/>\n<strong>\u00a0\u00a0\u00a0\u00a0\u00a0\u00a0\u00a0\u00a0\u00a0\u00a0\u00a0\u00a0\u00a0\u00a0\u00a0\u00a0\u00a0\u00a0\u00a0\u00a0\u00a0\u00a0\u00a0\u00a0\u00a0\u00a0\u00a0\u00a0 Moncho Borrajo<\/strong> presenta esta obra como una vuelta m\u00e1s de tuerca, despu\u00e9s de cuarenta a\u00f1os de estar en el mundo del espect\u00e1culo. En una locura de versos de <strong><a href=\"http:\/\/localhost:81\/turismo\/blog\/wp-content\/uploads\/2014\/11\/moncho.jpg\"><img loading=\"lazy\" decoding=\"async\" class=\"alignleft size-medium wp-image-3340\" src=\"http:\/\/localhost:81\/turismo\/blog\/wp-content\/uploads\/2014\/11\/moncho.jpg?w=300\" alt=\"moncho\" width=\"300\" height=\"168\" srcset=\"https:\/\/www.turismocaravaca.com\/blog\/wp-content\/uploads\/2014\/11\/moncho.jpg 960w, https:\/\/www.turismocaravaca.com\/blog\/wp-content\/uploads\/2014\/11\/moncho-300x168.jpg 300w\" sizes=\"(max-width: 300px) 100vw, 300px\" \/><\/a><\/strong>antes y de ahora, Moncho Borrajo es y no es Quevedo, depende del momento y de la persona que le visita o le atienda en el escenario, bien sea una enfermera, un monje o una cortesana teatrera.<br \/>\nEl p\u00fablico podr\u00e1 gozar de la escatolog\u00eda m\u00e1s \u201cquevediana\u201d y del ingenio de la improvisaci\u00f3n al m\u00e1s puro estilo del Siglo de Oro espa\u00f1ol.<br \/>\nEste espect\u00e1culo, como hemos dicho antes, tendr\u00e1 lugar el <strong>7 de noviembre a las 21:00 horas<\/strong> en el <strong>Teatro Thuillier<\/strong>, y la venta de entradas anticipada es en <strong>Nueva Joyer\u00eda<\/strong> a un precio \u00fanico de <strong>20 euros.<\/strong><\/p>\n<p style=\"text-align:center;\">\u00a1\u00a1Para partirse de risa!!<\/p>\n","protected":false},"excerpt":{"rendered":"<p>\u00a0\u00a0\u00a0\u00a0\u00a0\u00a0\u00a0\u00a0\u00a0\u00a0\u00a0\u00a0\u00a0\u00a0\u00a0\u00a0\u00a0\u00a0\u00a0\u00a0\u00a0\u00a0\u00a0 Ram\u00f3n Borrajo Domarco, m\u00e1s conocido como Moncho Borrajo, lleva 42 a\u00f1os en el mundo del espect\u00e1culo, siendo considerado como uno de los c\u00f3micos m\u00e1s pol\u00edticamente incorrectos. Actualmente representa \u201cYo, Quevedo\u201d, por todo el pa\u00eds y el pr\u00f3ximo viernes 7 de noviembre estar\u00e1 en el Teatro Thuillier de Caravaca de la Cruz. En esta producci\u00f3n [&hellip;]<\/p>\n","protected":false},"author":2,"featured_media":0,"comment_status":"open","ping_status":"open","sticky":false,"template":"","format":"standard","meta":{"footnotes":""},"categories":[3,2126,14,18,20,34],"tags":[356,364,1363,1364,1695,1918,1920,2106],"class_list":["post-3337","post","type-post","status-publish","format-standard","hentry","category-actividades","category-espanol","category-eventos","category-fiestas-2","category-horarios-2","category-uncategorized","tag-caravaca","tag-caravaca-de-la-cruz","tag-moncho-borrajo","tag-moncho-borrajo-en-caravaca","tag-quevedo","tag-teatro-thuillier","tag-teatro-thuillier-moncho-borrajo","tag-yo"],"_links":{"self":[{"href":"https:\/\/www.turismocaravaca.com\/blog\/wp-json\/wp\/v2\/posts\/3337"}],"collection":[{"href":"https:\/\/www.turismocaravaca.com\/blog\/wp-json\/wp\/v2\/posts"}],"about":[{"href":"https:\/\/www.turismocaravaca.com\/blog\/wp-json\/wp\/v2\/types\/post"}],"author":[{"embeddable":true,"href":"https:\/\/www.turismocaravaca.com\/blog\/wp-json\/wp\/v2\/users\/2"}],"replies":[{"embeddable":true,"href":"https:\/\/www.turismocaravaca.com\/blog\/wp-json\/wp\/v2\/comments?post=3337"}],"version-history":[{"count":1,"href":"https:\/\/www.turismocaravaca.com\/blog\/wp-json\/wp\/v2\/posts\/3337\/revisions"}],"predecessor-version":[{"id":6455,"href":"https:\/\/www.turismocaravaca.com\/blog\/wp-json\/wp\/v2\/posts\/3337\/revisions\/6455"}],"wp:attachment":[{"href":"https:\/\/www.turismocaravaca.com\/blog\/wp-json\/wp\/v2\/media?parent=3337"}],"wp:term":[{"taxonomy":"category","embeddable":true,"href":"https:\/\/www.turismocaravaca.com\/blog\/wp-json\/wp\/v2\/categories?post=3337"},{"taxonomy":"post_tag","embeddable":true,"href":"https:\/\/www.turismocaravaca.com\/blog\/wp-json\/wp\/v2\/tags?post=3337"}],"curies":[{"name":"wp","href":"https:\/\/api.w.org\/{rel}","templated":true}]}}