{"id":3377,"date":"2014-11-25T08:33:25","date_gmt":"2014-11-25T08:33:25","guid":{"rendered":"http:\/\/turismocaravaca.wordpress.com\/?p=3377"},"modified":"2017-09-04T16:43:51","modified_gmt":"2017-09-04T16:43:51","slug":"caravaca-de-la-cruz-estara-en-intur-con-huellas-de-teresa","status":"publish","type":"post","link":"https:\/\/www.turismocaravaca.com\/blog\/caravaca-de-la-cruz-estara-en-intur-con-huellas-de-teresa\/","title":{"rendered":"Caravaca de la Cruz estar\u00e1 en INTUR con Huellas de Teresa"},"content":{"rendered":"<p style=\"text-align:justify;\"><strong>\u00a0\u00a0\u00a0\u00a0\u00a0\u00a0\u00a0\u00a0\u00a0\u00a0\u00a0\u00a0\u00a0\u00a0\u00a0\u00a0\u00a0\u00a0\u00a0\u00a0\u00a0\u00a0\u00a0\u00a0\u00a0\u00a0\u00a0\u00a0\u00a0\u00a0\u00a0\u00a0\u00a0\u00a0\u00a0\u00a0\u00a0\u00a0\u00a0\u00a0\u00a0\u00a0 INTUR 2014<\/strong> la <strong>feria de turismo de interior<\/strong>, tendr\u00e1 lugar nuevamente este a\u00f1o en la ciudad de Valladolid, entre los pr\u00f3ximos d\u00edas <strong>27 al 30 de noviembre<\/strong> en el recinto ferial de <strong>Valladolid<\/strong>, mostr\u00e1ndonos las \u00faltimas novedades del sector en todas sus vertientes.<\/p>\n<p style=\"text-align:justify;\">\u00a0\u00a0\u00a0\u00a0\u00a0\u00a0\u00a0\u00a0\u00a0\u00a0\u00a0\u00a0\u00a0\u00a0\u00a0\u00a0\u00a0\u00a0\u00a0\u00a0\u00a0\u00a0\u00a0\u00a0\u00a0\u00a0\u00a0\u00a0\u00a0\u00a0\u00a0\u00a0\u00a0\u00a0\u00a0\u00a0\u00a0 Este a\u00f1o, <strong>Caravaca de la Cruz<\/strong> estar\u00e1 presente en la feria, con el stand de Huellas de Teresa de Jes\u00fas ya que Caravaca de la Cruz es una de las 17 ciudades espa\u00f1olas integradas en el proyecto tur\u00edstico y cultural <strong>\u201cHuellas de Teresa\u201d<\/strong> y la \u00fanica en la Regi\u00f3n de Murcia, por tanto tenemos un espacio propio. <a href=\"http:\/\/localhost:81\/turismo\/blog\/wp-content\/uploads\/2014\/11\/stand-huellas.jpg\"><img loading=\"lazy\" decoding=\"async\" class=\"aligncenter  wp-image-3381\" src=\"http:\/\/localhost:81\/turismo\/blog\/wp-content\/uploads\/2014\/11\/stand-huellas.jpg?w=529\" alt=\"stand huellas\" width=\"455\" height=\"284\" \/><\/a><br \/>\nEste stand estar\u00e1 decorado con cinco mostradores, cuatro Comunidades Aut\u00f3nomas (Andaluc\u00eda, Castilla Le\u00f3n, Castilla la Mancha, Murcia) y Huellas, una mesa para poder mantener reuniones de trabajo, displays y paneles facilitados por los ayuntamientos participantes.<br \/>\nEntre el material que llevaremos a la feria est\u00e1, el folleto del <strong>A\u00f1o Jubilar Teresiano<\/strong>, y folletos de nuestra amplia oferta tur\u00edstica para que sea conocida por todos, sumando un total de 2.200 unidades.<br \/>\nPara todo esto, hemos contado con la colaboraci\u00f3n del <strong>Instituto de Turismo de la Regi\u00f3n de Murcia<\/strong>, los cuales tambi\u00e9n asistir\u00e1n con un stand propio.<br \/>\n<a href=\"https:\/\/turismocaravaca.files.wordpress.com\/2014\/11\/sta.jpg\"><img loading=\"lazy\" decoding=\"async\" class=\"alignright  wp-image-3383\" src=\"https:\/\/turismocaravaca.files.wordpress.com\/2014\/11\/sta.jpg?w=300\" alt=\"sta\" width=\"279\" height=\"156\" \/><\/a>La red de \u201cCiudades Teresianas\u201d realizar\u00e1 una presentaci\u00f3n p\u00fablica del Plan de Comercializaci\u00f3n de \u201cHuellas de Teresa\u201d y de los acuerdos suscritos con distintos operadores tur\u00edsticos. El acto tendr\u00e1 lugar el pr\u00f3ximo viernes, 28 de noviembre, a las 13:00 horas en el stand que ha brindado la Junta de Castilla Le\u00f3n, situado en el pabell\u00f3n n\u00famero 2.<\/p>\n<p style=\"text-align:justify;\">\u00a0\u00a0\u00a0\u00a0\u00a0\u00a0\u00a0\u00a0\u00a0\u00a0\u00a0\u00a0\u00a0\u00a0\u00a0\u00a0\u00a0\u00a0\u00a0\u00a0\u00a0\u00a0 La diversidad del turismo de interior volver\u00e1 a estar presente en la feria a trav\u00e9s de los expositores nacionales e internacionales que se dar\u00e1n cita en el certamen vallisoletano.<br \/>\nCultura, gastronom\u00eda y naturaleza son los referentes en los que ponen el acento las comunidades de interior a la hora de divulgar una imagen conjunta del turismo de interior. INTUR ser\u00e1, de nuevo, un espacio profesional desde el que promocionar los recursos tur\u00edsticos de los destinos de interior, tanto de \u00e1mbito local, comarcal, provincial, regional como internacional.<br \/>\n<a href=\"http:\/\/localhost:81\/turismo\/blog\/wp-content\/uploads\/2014\/11\/intur.jpg\"><img loading=\"lazy\" decoding=\"async\" class=\"alignleft size-medium wp-image-3378\" src=\"http:\/\/localhost:81\/turismo\/blog\/wp-content\/uploads\/2014\/11\/intur.jpg?w=300\" alt=\"Intur\" width=\"300\" height=\"120\" srcset=\"https:\/\/www.turismocaravaca.com\/blog\/wp-content\/uploads\/2014\/11\/intur.jpg 1454w, https:\/\/www.turismocaravaca.com\/blog\/wp-content\/uploads\/2014\/11\/intur-300x121.jpg 300w, https:\/\/www.turismocaravaca.com\/blog\/wp-content\/uploads\/2014\/11\/intur-1024x412.jpg 1024w\" sizes=\"(max-width: 300px) 100vw, 300px\" \/><\/a>Entre las propuestas para profesionales el turismo de interior destacan las jornadas de INTUR Negocios, donde el a\u00f1o pasado se dieron cita compradores nacionales y operadores procedentes de Alemania, Reino Unido, Italia, Polonia, Noruega, Portugal, M\u00e9xico, China y Estados Unidos.<br \/>\nTambi\u00e9n en esta edici\u00f3n INTUR volver\u00e1 a organizar INTUR Rural, un espacio en el que durante el fin de semana participan en la feria peque\u00f1as empresas de alojamiento, turismo activo, agencias de viajes, etc. a las que el visitante puede contratar destinos y productos.<br \/>\nIntur es una referencia para el turismo de interior, desde el punto de vista profesional, al tiempo que ofrece una oferta expositiva interesante para el ciudadano que tiene inter\u00e9s en las diferentes formas del turismo de interior.<\/p>\n","protected":false},"excerpt":{"rendered":"<p>\u00a0\u00a0\u00a0\u00a0\u00a0\u00a0\u00a0\u00a0\u00a0\u00a0\u00a0\u00a0\u00a0\u00a0\u00a0\u00a0\u00a0\u00a0\u00a0\u00a0\u00a0\u00a0\u00a0\u00a0\u00a0\u00a0\u00a0\u00a0\u00a0\u00a0\u00a0\u00a0\u00a0\u00a0\u00a0\u00a0\u00a0\u00a0\u00a0\u00a0\u00a0\u00a0 INTUR 2014 la feria de turismo de interior, tendr\u00e1 lugar nuevamente este a\u00f1o en la ciudad de Valladolid, entre los pr\u00f3ximos d\u00edas 27 al 30 de noviembre en el recinto ferial de Valladolid, mostr\u00e1ndonos las \u00faltimas novedades del sector en todas sus vertientes. \u00a0\u00a0\u00a0\u00a0\u00a0\u00a0\u00a0\u00a0\u00a0\u00a0\u00a0\u00a0\u00a0\u00a0\u00a0\u00a0\u00a0\u00a0\u00a0\u00a0\u00a0\u00a0\u00a0\u00a0\u00a0\u00a0\u00a0\u00a0\u00a0\u00a0\u00a0\u00a0\u00a0\u00a0\u00a0\u00a0\u00a0 Este a\u00f1o, Caravaca de la Cruz estar\u00e1 presente en la [&hellip;]<\/p>\n","protected":false},"author":2,"featured_media":0,"comment_status":"open","ping_status":"open","sticky":false,"template":"","format":"standard","meta":{"footnotes":""},"categories":[3,2,2126,14,16,17,20,34],"tags":[81,356,364,370,373,392,926,938,1078,1130,1131,1201,1989,2004],"class_list":["post-3377","post","type-post","status-publish","format-standard","hentry","category-actividades","category-ano-jubilar","category-espanol","category-eventos","category-exposiones","category-ferias","category-horarios-2","category-uncategorized","tag-ano-jubilar-teresiano","tag-caravaca","tag-caravaca-de-la-cruz","tag-caravaca-en-intur","tag-caravaca-en-valladolid","tag-caravaca-y-huellas-de-teresa","tag-feria-de-valladolid-2014","tag-ferias-caravaca-de-la-cruz","tag-huellas-de-teresa","tag-intur","tag-intur-2014","tag-la-feria-de-valladolid","tag-turismo-de-interior","tag-turismo-interior-caravaca"],"_links":{"self":[{"href":"https:\/\/www.turismocaravaca.com\/blog\/wp-json\/wp\/v2\/posts\/3377"}],"collection":[{"href":"https:\/\/www.turismocaravaca.com\/blog\/wp-json\/wp\/v2\/posts"}],"about":[{"href":"https:\/\/www.turismocaravaca.com\/blog\/wp-json\/wp\/v2\/types\/post"}],"author":[{"embeddable":true,"href":"https:\/\/www.turismocaravaca.com\/blog\/wp-json\/wp\/v2\/users\/2"}],"replies":[{"embeddable":true,"href":"https:\/\/www.turismocaravaca.com\/blog\/wp-json\/wp\/v2\/comments?post=3377"}],"version-history":[{"count":1,"href":"https:\/\/www.turismocaravaca.com\/blog\/wp-json\/wp\/v2\/posts\/3377\/revisions"}],"predecessor-version":[{"id":6449,"href":"https:\/\/www.turismocaravaca.com\/blog\/wp-json\/wp\/v2\/posts\/3377\/revisions\/6449"}],"wp:attachment":[{"href":"https:\/\/www.turismocaravaca.com\/blog\/wp-json\/wp\/v2\/media?parent=3377"}],"wp:term":[{"taxonomy":"category","embeddable":true,"href":"https:\/\/www.turismocaravaca.com\/blog\/wp-json\/wp\/v2\/categories?post=3377"},{"taxonomy":"post_tag","embeddable":true,"href":"https:\/\/www.turismocaravaca.com\/blog\/wp-json\/wp\/v2\/tags?post=3377"}],"curies":[{"name":"wp","href":"https:\/\/api.w.org\/{rel}","templated":true}]}}