{"id":3414,"date":"2014-12-11T13:01:20","date_gmt":"2014-12-11T13:01:20","guid":{"rendered":"http:\/\/turismocaravaca.wordpress.com\/?p=3414"},"modified":"2017-09-04T16:43:50","modified_gmt":"2017-09-04T16:43:50","slug":"bendicion-del-belen-municipal","status":"publish","type":"post","link":"https:\/\/www.turismocaravaca.com\/blog\/bendicion-del-belen-municipal\/","title":{"rendered":"Bendici\u00f3n del Bel\u00e9n Municipal"},"content":{"rendered":"<p style=\"text-align:justify;\">\u00a0\u00a0\u00a0\u00a0\u00a0\u00a0\u00a0\u00a0\u00a0\u00a0\u00a0\u00a0\u00a0\u00a0\u00a0\u00a0\u00a0\u00a0\u00a0\u00a0\u00a0\u00a0\u00a0\u00a0\u00a0\u00a0\u00a0\u00a0 Ya est\u00e1 aqu\u00ed la Navidad, y con ella el tradicional y entra\u00f1able <strong>Bel\u00e9n Municipal.<\/strong><br \/>\nLa <strong>Bendici\u00f3n del Bel\u00e9n<\/strong> y apertura al p\u00fablico tendr\u00e1 lugar <strong>ma\u00f1ana viernes<\/strong>, a las <strong>18:30 horas<\/strong>, seguidamente la <strong>Orquesta de Flautas<\/strong> del <strong>Conservatorio de Caravaca de la Cruz<\/strong>, nos deleitar\u00e1 con su actuaci\u00f3n.<\/p>\n<p style=\"text-align:justify;\">\u00a0\u00a0\u00a0\u00a0\u00a0\u00a0\u00a0\u00a0\u00a0\u00a0\u00a0\u00a0\u00a0\u00a0\u00a0\u00a0\u00a0<a href=\"http:\/\/localhost:81\/turismo\/blog\/wp-content\/uploads\/2014\/12\/belen-2009-119.jpg\"><img loading=\"lazy\" decoding=\"async\" class=\"alignleft size-medium wp-image-3417\" src=\"http:\/\/localhost:81\/turismo\/blog\/wp-content\/uploads\/2014\/12\/belen-2009-119.jpg?w=300\" alt=\"OLYMPUS DIGITAL CAMERA\" width=\"300\" height=\"225\" srcset=\"https:\/\/www.turismocaravaca.com\/blog\/wp-content\/uploads\/2014\/12\/belen-2009-119.jpg 3648w, https:\/\/www.turismocaravaca.com\/blog\/wp-content\/uploads\/2014\/12\/belen-2009-119-300x225.jpg 300w, https:\/\/www.turismocaravaca.com\/blog\/wp-content\/uploads\/2014\/12\/belen-2009-119-1024x768.jpg 1024w\" sizes=\"(max-width: 300px) 100vw, 300px\" \/><\/a> A partir de ma\u00f1ana, 12 de diciembre y hasta el pr\u00f3ximo <strong>7 de enero de 2015<\/strong>, podremos disfrutar de \u00e9l, en la <strong>Iglesia de San Jos\u00e9 <\/strong>de Caravaca de la Cruz. Un marco excepcional para el Bel\u00e9n, coincidiendo con la conmemoraci\u00f3n del <strong>V Centenario del Nacimiento de Santa Teresa de Jes\u00fas<\/strong>.<\/p>\n<p style=\"text-align:justify;\">\u00a0\u00a0\u00a0\u00a0\u00a0\u00a0\u00a0\u00a0\u00a0\u00a0\u00a0\u00a0\u00a0\u00a0\u00a0\u00a0\u00a0\u00a0\u00a0\u00a0 Una vez inaugurado, el <strong>horario<\/strong> de visitas ser\u00e1 de <strong>lunes a viernes<\/strong> de <strong>10:00 h. a 14:00 h<\/strong>. y de <strong>18:00 a 21:00 h.<\/strong> y <strong>s\u00e1bados y domingos de 10:00 h. a 14:00 h.<\/strong><br \/>\n<span style=\"text-decoration:underline;\">Excepto:<\/span> el 25 de diciembre, 1 y 6 de enero y las tardes del 24 y 31 de diciembre.<br \/>\nEl Bel\u00e9n del Ayuntamiento de Caravaca de la Cruz est\u00e1 formado por m\u00e1s de 200 figuras, policromadas y de estilo hebreo, realizadas por el reconocido artesano Jes\u00fas Gri\u00f1\u00e1n. La composici\u00f3n cuenta adem\u00e1s con numerosas construcciones de la artista Isabel Tornero, que permiten narrar las principales escenas de la Natividad. El Bel\u00e9n municipal de Caravaca de la Cruz es uno de los m\u00e1s destacados de la Regi\u00f3n, ya que ha sido galardonado en varias ocasiones en el Concurso Regional de Belenes.<a href=\"http:\/\/localhost:81\/turismo\/blog\/wp-content\/uploads\/2014\/12\/belen-2009-043-red.jpg\"><img loading=\"lazy\" decoding=\"async\" class=\"aligncenter size-medium wp-image-3415\" src=\"http:\/\/localhost:81\/turismo\/blog\/wp-content\/uploads\/2014\/12\/belen-2009-043-red.jpg?w=300\" alt=\"OLYMPUS DIGITAL CAMERA\" width=\"300\" height=\"225\" srcset=\"https:\/\/www.turismocaravaca.com\/blog\/wp-content\/uploads\/2014\/12\/belen-2009-043-red.jpg 1648w, https:\/\/www.turismocaravaca.com\/blog\/wp-content\/uploads\/2014\/12\/belen-2009-043-red-300x225.jpg 300w, https:\/\/www.turismocaravaca.com\/blog\/wp-content\/uploads\/2014\/12\/belen-2009-043-red-1024x768.jpg 1024w\" sizes=\"(max-width: 300px) 100vw, 300px\" \/><\/a><\/p>\n<p style=\"text-align:justify;\">\u00a0\u00a0\u00a0\u00a0\u00a0\u00a0\u00a0\u00a0\u00a0\u00a0\u00a0\u00a0\u00a0\u00a0\u00a0\u00a0 Tras la Bendici\u00f3n del Bel\u00e9n Municipal, se proceder\u00e1 al <strong>encendido del alumbrado especial de Navidad<\/strong>, que se ha instalado en las principales calles del casco urbano.<\/p>\n<p style=\"text-align:justify;\">\u00a0\u00a0\u00a0\u00a0\u00a0\u00a0\u00a0\u00a0\u00a0\u00a0\u00a0 Esta Navidad te invitamos a visitar nuestro Bel\u00e9n Municipal.<\/p>\n","protected":false},"excerpt":{"rendered":"<p>\u00a0\u00a0\u00a0\u00a0\u00a0\u00a0\u00a0\u00a0\u00a0\u00a0\u00a0\u00a0\u00a0\u00a0\u00a0\u00a0\u00a0\u00a0\u00a0\u00a0\u00a0\u00a0\u00a0\u00a0\u00a0\u00a0\u00a0\u00a0 Ya est\u00e1 aqu\u00ed la Navidad, y con ella el tradicional y entra\u00f1able Bel\u00e9n Municipal. La Bendici\u00f3n del Bel\u00e9n y apertura al p\u00fablico tendr\u00e1 lugar ma\u00f1ana viernes, a las 18:30 horas, seguidamente la Orquesta de Flautas del Conservatorio de Caravaca de la Cruz, nos deleitar\u00e1 con su actuaci\u00f3n. \u00a0\u00a0\u00a0\u00a0\u00a0\u00a0\u00a0\u00a0\u00a0\u00a0\u00a0\u00a0\u00a0\u00a0\u00a0\u00a0\u00a0 A partir de ma\u00f1ana, 12 de [&hellip;]<\/p>\n","protected":false},"author":2,"featured_media":0,"comment_status":"open","ping_status":"open","sticky":false,"template":"","format":"standard","meta":{"footnotes":""},"categories":[3,2,7,2126,14,18,20,21,22,27,34],"tags":[275,274,276,277,282,356,364,451,757,800,801,819,1183,1447,2099],"class_list":["post-3414","post","type-post","status-publish","format-standard","hentry","category-actividades","category-ano-jubilar","category-bienvenida","category-espanol","category-eventos","category-fiestas-2","category-horarios-2","category-iglesias","category-lugares-de-interes","category-navidad","category-uncategorized","tag-belen-en-caravaca-de-la-cruz","tag-belen-municipal","tag-belen-municipal-2014","tag-belen-municipal-caravaca","tag-bendicion-del-belen-caravaca","tag-caravaca","tag-caravaca-de-la-cruz","tag-centenario-del-nacimiento-de-santa-teresa-de-jesus","tag-el-belen","tag-encendido-de-luces-navideno-2014","tag-encendido-de-navidad-caravaca","tag-entranable-belen","tag-la-bendicion-del-belen","tag-navidad-caravaca","tag-ya-esta-aqui-la-navidad"],"_links":{"self":[{"href":"https:\/\/www.turismocaravaca.com\/blog\/wp-json\/wp\/v2\/posts\/3414"}],"collection":[{"href":"https:\/\/www.turismocaravaca.com\/blog\/wp-json\/wp\/v2\/posts"}],"about":[{"href":"https:\/\/www.turismocaravaca.com\/blog\/wp-json\/wp\/v2\/types\/post"}],"author":[{"embeddable":true,"href":"https:\/\/www.turismocaravaca.com\/blog\/wp-json\/wp\/v2\/users\/2"}],"replies":[{"embeddable":true,"href":"https:\/\/www.turismocaravaca.com\/blog\/wp-json\/wp\/v2\/comments?post=3414"}],"version-history":[{"count":1,"href":"https:\/\/www.turismocaravaca.com\/blog\/wp-json\/wp\/v2\/posts\/3414\/revisions"}],"predecessor-version":[{"id":6444,"href":"https:\/\/www.turismocaravaca.com\/blog\/wp-json\/wp\/v2\/posts\/3414\/revisions\/6444"}],"wp:attachment":[{"href":"https:\/\/www.turismocaravaca.com\/blog\/wp-json\/wp\/v2\/media?parent=3414"}],"wp:term":[{"taxonomy":"category","embeddable":true,"href":"https:\/\/www.turismocaravaca.com\/blog\/wp-json\/wp\/v2\/categories?post=3414"},{"taxonomy":"post_tag","embeddable":true,"href":"https:\/\/www.turismocaravaca.com\/blog\/wp-json\/wp\/v2\/tags?post=3414"}],"curies":[{"name":"wp","href":"https:\/\/api.w.org\/{rel}","templated":true}]}}