{"id":3478,"date":"2015-01-20T08:33:26","date_gmt":"2015-01-20T08:33:26","guid":{"rendered":"https:\/\/turismocaravaca.wordpress.com\/?p=3478"},"modified":"2017-09-04T16:43:50","modified_gmt":"2017-09-04T16:43:50","slug":"60-anos-de-fotografia-iv-archivo-fotografico-martinez-litran","status":"publish","type":"post","link":"https:\/\/www.turismocaravaca.com\/blog\/60-anos-de-fotografia-iv-archivo-fotografico-martinez-litran\/","title":{"rendered":"60 A\u00f1os de Fotograf\u00eda. IV Archivo fotogr\u00e1fico Mart\u00ednez-Litr\u00e1n"},"content":{"rendered":"<p style=\"text-align:justify;\">\u00a0\u00a0\u00a0\u00a0\u00a0\u00a0\u00a0\u00a0\u00a0\u00a0\u00a0\u00a0\u00a0\u00a0\u00a0\u00a0\u00a0\u00a0\u00a0\u00a0\u00a0\u00a0\u00a0\u00a0\u00a0\u00a0\u00a0\u00a0\u00a0\u00a0\u00a0 La Sala de Exposiciones de la <strong>Compa\u00f1\u00eda de Jes\u00fas<\/strong>, acoge la cuarta exposici\u00f3n del <strong>archivo fotogr\u00e1fico de Mart\u00ednez-Litr\u00e1n<\/strong>.<br \/>\nLa muestra, se puede visitar <strong>hasta el 13 de febrero<\/strong>, de 1<strong>1:00 a 13:30 horas<\/strong> y de <strong>17:30 a 20:30 horas<\/strong>.<a href=\"http:\/\/localhost:81\/turismo\/blog\/wp-content\/uploads\/2015\/01\/cartelexpomartinez2015.jpg\"><img loading=\"lazy\" decoding=\"async\" class=\"aligncenter size-large wp-image-3479\" src=\"http:\/\/localhost:81\/turismo\/blog\/wp-content\/uploads\/2015\/01\/cartelexpomartinez2015.jpg?w=529\" alt=\"cartelexpomartinez2015\" width=\"529\" height=\"286\" srcset=\"https:\/\/www.turismocaravaca.com\/blog\/wp-content\/uploads\/2015\/01\/cartelexpomartinez2015.jpg 5904w, https:\/\/www.turismocaravaca.com\/blog\/wp-content\/uploads\/2015\/01\/cartelexpomartinez2015-300x162.jpg 300w, https:\/\/www.turismocaravaca.com\/blog\/wp-content\/uploads\/2015\/01\/cartelexpomartinez2015-1024x553.jpg 1024w\" sizes=\"(max-width: 529px) 100vw, 529px\" \/><\/a><br \/>\nEl fondo fotogr\u00e1fico Mart\u00ednez-Litr\u00e1n pertenece al Archivo Municipal de Caravaca de la Cruz y lo forman m\u00e1s de 70.000 negativos del estudio fundado en la d\u00e9cada de los a\u00f1os 20 por Jos\u00e9 Mart\u00ednez Salinas y continuado, a partir de la d\u00e9cada de los 60, por Alfonso Litr\u00e1n Nogueras. Este archivo est\u00e1 siendo digitalizado y mostrado al p\u00fablico de forma progresiva.<br \/>\nEste a\u00f1o se muestra otra parte in\u00e9dita del archivo, tras el proceso de restauraci\u00f3n, escaneo y digitalizado de los negativos. <strong>La exposici\u00f3n<\/strong> est\u00e1 compuesta por unas <strong>4.000 im\u00e1genes<\/strong>, de dos tipos de fotograf\u00edas; por un lado retratos realizados entre la d\u00e9cada de los sesenta y principios de los a\u00f1os ochenta y fotos de grupo de momentos se\u00f1alados en la historia de Caravaca de la Cruz, entre ellas la primera Misa que se celebr\u00f3 tras la Guerra Civil o las primeras im\u00e1genes de los colegios, el equipo de f\u00fatbol o la banda de m\u00fasica de <a href=\"http:\/\/localhost:81\/turismo\/blog\/wp-content\/uploads\/2015\/01\/exposicionmartinezlitran03.jpg\"><img loading=\"lazy\" decoding=\"async\" class=\"alignright  wp-image-3481\" src=\"http:\/\/localhost:81\/turismo\/blog\/wp-content\/uploads\/2015\/01\/exposicionmartinezlitran03.jpg?w=529\" alt=\"ExposicionMartinezLitran03\" width=\"408\" height=\"230\" \/><\/a>Caravaca.<\/p>\n<p style=\"text-align:justify;\">Se muestran tambi\u00e9n un conjunto de fotograf\u00edas curiosas, como las del compositor Mart\u00ednez Nevado con un grupo de amigos o la visita de los artistas Manolo Valderrama y Dolores Abril al domicilio del oculista Miguel Robles.<br \/>\nLa Concejal\u00eda de Cultura facilitar\u00e1 de <strong>forma gratuita<\/strong> las fotograf\u00edas a los familiares que est\u00e9n interesados en conservarlas. Para ello tan s\u00f3lo hay que anotar el <strong>c\u00f3digo<\/strong> que acompa\u00f1a a cada imagen y <strong>rellenar un formulario<\/strong> disponible a la entrada de la exposici\u00f3n o comunicar dicho c\u00f3digo a trav\u00e9s de la direcci\u00f3n de correo electr\u00f3nico <strong>areadecultura@caravacadelacruz.es.<\/strong><br \/>\nPor otra parte, en la p\u00e1gina web del Ayuntamiento, <strong>www.caravaca.org<\/strong>, se puede acceder a la parte del archivo que ya se encuentra digitalizada. M\u00e1s de 8.000 fotograf\u00edas, ordenadas en distintas categor\u00edas.<br \/>\nDurante los \u00faltimos a\u00f1os, la Concejal\u00eda de Cultura est\u00e1 trabajando en la recuperaci\u00f3n de estas im\u00e1genes, con las que se puede realizar un repaso de la sociedad caravaque\u00f1a del Siglo XX.<\/p>\n","protected":false},"excerpt":{"rendered":"<p>\u00a0\u00a0\u00a0\u00a0\u00a0\u00a0\u00a0\u00a0\u00a0\u00a0\u00a0\u00a0\u00a0\u00a0\u00a0\u00a0\u00a0\u00a0\u00a0\u00a0\u00a0\u00a0\u00a0\u00a0\u00a0\u00a0\u00a0\u00a0\u00a0\u00a0\u00a0 La Sala de Exposiciones de la Compa\u00f1\u00eda de Jes\u00fas, acoge la cuarta exposici\u00f3n del archivo fotogr\u00e1fico de Mart\u00ednez-Litr\u00e1n. La muestra, se puede visitar hasta el 13 de febrero, de 11:00 a 13:30 horas y de 17:30 a 20:30 horas. El fondo fotogr\u00e1fico Mart\u00ednez-Litr\u00e1n pertenece al Archivo Municipal de Caravaca de la Cruz y lo [&hellip;]<\/p>\n","protected":false},"author":2,"featured_media":0,"comment_status":"open","ping_status":"open","sticky":false,"template":"","format":"standard","meta":{"footnotes":""},"categories":[3,7,2126,14,15,16,20,22,34],"tags":[68,67,159,188,356,364,531,629,877,885,886,890,893,1109,1156,1190,1297],"class_list":["post-3478","post","type-post","status-publish","format-standard","hentry","category-actividades","category-bienvenida","category-espanol","category-eventos","category-exhibiciones","category-exposiones","category-horarios-2","category-lugares-de-interes","category-uncategorized","tag-60-anos-de-fotografia-caravaca","tag-60-anos-de-fotografia-iv-archivo-fotografico-martinez-litran","tag-alfonso-litran-nogueras","tag-archivo-fotografico","tag-caravaca","tag-caravaca-de-la-cruz","tag-concejalia-de-cultura","tag-cultura-caravaca","tag-exposicion-de-fotografias-en-caravaca","tag-exposicion-de-fotos-caravaca","tag-exposicion-de-fotos-martinez-litran-caravaca","tag-exposicion-de-martinez-litran-en-caravaca","tag-exposicion-iglesia-compania-de-jesus","tag-imagenes-caravaca-de-la-cruz","tag-jose-martinez-salinas","tag-la-compania-de-jesus","tag-martinez-litran"],"_links":{"self":[{"href":"https:\/\/www.turismocaravaca.com\/blog\/wp-json\/wp\/v2\/posts\/3478"}],"collection":[{"href":"https:\/\/www.turismocaravaca.com\/blog\/wp-json\/wp\/v2\/posts"}],"about":[{"href":"https:\/\/www.turismocaravaca.com\/blog\/wp-json\/wp\/v2\/types\/post"}],"author":[{"embeddable":true,"href":"https:\/\/www.turismocaravaca.com\/blog\/wp-json\/wp\/v2\/users\/2"}],"replies":[{"embeddable":true,"href":"https:\/\/www.turismocaravaca.com\/blog\/wp-json\/wp\/v2\/comments?post=3478"}],"version-history":[{"count":1,"href":"https:\/\/www.turismocaravaca.com\/blog\/wp-json\/wp\/v2\/posts\/3478\/revisions"}],"predecessor-version":[{"id":6437,"href":"https:\/\/www.turismocaravaca.com\/blog\/wp-json\/wp\/v2\/posts\/3478\/revisions\/6437"}],"wp:attachment":[{"href":"https:\/\/www.turismocaravaca.com\/blog\/wp-json\/wp\/v2\/media?parent=3478"}],"wp:term":[{"taxonomy":"category","embeddable":true,"href":"https:\/\/www.turismocaravaca.com\/blog\/wp-json\/wp\/v2\/categories?post=3478"},{"taxonomy":"post_tag","embeddable":true,"href":"https:\/\/www.turismocaravaca.com\/blog\/wp-json\/wp\/v2\/tags?post=3478"}],"curies":[{"name":"wp","href":"https:\/\/api.w.org\/{rel}","templated":true}]}}