{"id":3488,"date":"2015-01-22T13:38:14","date_gmt":"2015-01-22T13:38:14","guid":{"rendered":"https:\/\/turismocaravaca.wordpress.com\/?p=3488"},"modified":"2017-09-04T16:43:49","modified_gmt":"2017-09-04T16:43:49","slug":"fiesta-de-las-cuadrillas-2015-barranda","status":"publish","type":"post","link":"https:\/\/www.turismocaravaca.com\/blog\/fiesta-de-las-cuadrillas-2015-barranda\/","title":{"rendered":"Fiesta de las Cuadrillas 2015. Barranda."},"content":{"rendered":"<p style=\"text-align:justify;\">\u00a0\u00a0\u00a0\u00a0\u00a0\u00a0\u00a0\u00a0\u00a0\u00a0\u00a0\u00a0\u00a0\u00a0\u00a0\u00a0\u00a0\u00a0\u00a0\u00a0\u00a0\u00a0\u00a0\u00a0\u00a0\u00a0\u00a0\u00a0\u00a0\u00a0\u00a0\u00a0\u00a0\u00a0 La Fiesta de las Cuadrillas se celebra el <strong>\u00faltimo domingo del mes de enero<\/strong> en la pedan\u00eda caravaque\u00f1a de <strong>Barranda<\/strong>. Este a\u00f1o cumple su XXXVII edici\u00f3n como referente nacional de la m\u00fasica tradicional.<br \/>\nLa fiesta mantendr\u00e1 el esquema de sus \u00faltimas ediciones con la celebraci\u00f3n previa de las Jornadas sobre Cultura de Tradici\u00f3n Oral y el <strong>Barranda Folk.<\/strong><a href=\"http:\/\/localhost:81\/turismo\/blog\/wp-content\/uploads\/2015\/01\/cartel-fiesta-cuadrillas-2015baja.jpg\"><img loading=\"lazy\" decoding=\"async\" class=\"aligncenter  wp-image-3489\" src=\"http:\/\/localhost:81\/turismo\/blog\/wp-content\/uploads\/2015\/01\/cartel-fiesta-cuadrillas-2015baja.jpg?w=529\" alt=\"Cartel-Fiesta-Cuadrillas-2015(baja)\" width=\"362\" height=\"505\" \/><\/a><br \/>\nLas actividades enmarcadas en esta edici\u00f3n de <strong>La Fiesta de la Cuadrillas<\/strong>, declaradas de <strong>Inter\u00e9s Tur\u00edstico Nacional<\/strong>, comenzar\u00e1n ma\u00f1ana <strong>viernes 23 de enero<\/strong> con las Jornadas Sobre Cultura de Tradici\u00f3n Oral y la primera actuaci\u00f3n del festival Barranda Folk.<br \/>\nA las <strong>18:00 horas<\/strong> el Museo de la M\u00fasica \u00c9tnica de Barranda acoge la presentaci\u00f3n de las <strong>Jornadas sobre Cultura de Tradici\u00f3n Oral<\/strong> y el curso Folklore y Escuela \u201cSe oyen palabras viejas\u201d, coordinado por Alfonso Palacios. El programa de actos culturales se iniciar\u00e1 a las <strong>18:45 horas<\/strong> con la exposici\u00f3n, a cargo de Julio Guill\u00e9n Navarro, de la tesis doctoral \u201cLa Hermandad de \u00c1nimas de Caravaca de la Cruz: m\u00fasica, revival y etnicidad en la Sierra del Segura\u201d. Posteriormente, se abrir\u00e1 al p\u00fablico la exposici\u00f3n fotogr\u00e1fica \u201cTiempo de Fiesta\u201d, de Joaqu\u00edn Zamora y Tom\u00e1s Garc\u00eda Mart\u00ednez.<br \/>\nEl programa previsto para la jornada del viernes se cerrar\u00e1 con la actuaci\u00f3n del grupo \u201cStolen Notes\u201d, en el Sal\u00f3n Social, dentro del festival <strong>\u201cBarranda Folk\u201d<\/strong>. Con <strong>aforo limitado<\/strong> y una entrada de cinco euros.<br \/>\nEl <strong>s\u00e1bado 24<\/strong>, se retoman las Jornadas Sobre Cultura de Tradici\u00f3n Oral con las conferencias de Antonio Vi\u00f1ao, \u2018Oralidad, folclore y escuela\u2019; Federico Mart\u00edn, con \u2018Recordatorio a Ana mar\u00eda Matute: abecedario para la ni\u00f1a tartamuda\u2019; y Gustavo Mart\u00edn y \u2018La casa de las Palabras\u2019, quien tambi\u00e9n propondr\u00e1 por la tarde \u2018Narrar es escapar de la tiran\u00eda de la verdad\u2019. Adem\u00e1s, La Chana Teatro presentar\u00e1 \u2018Del lazarillo de Tormes\u2019 y habr\u00e1 una visita e guiada a Museo de M\u00fasica. El d\u00eda concluir\u00e1 con las actuaciones de Kepa Junkera &amp; Sorginak y Hexacorde &amp; Vanesa Muela, dentro del \u2018Barranda Folk\u2019.<br \/>\nEl pr\u00f3ximo<a href=\"http:\/\/localhost:81\/turismo\/blog\/wp-content\/uploads\/2015\/01\/foto-cuadrillas01.jpg\"><img loading=\"lazy\" decoding=\"async\" class=\"alignleft  wp-image-3491\" src=\"http:\/\/localhost:81\/turismo\/blog\/wp-content\/uploads\/2015\/01\/foto-cuadrillas01.jpg?w=529\" alt=\"Foto Cuadrillas01\" width=\"359\" height=\"241\" srcset=\"https:\/\/www.turismocaravaca.com\/blog\/wp-content\/uploads\/2015\/01\/foto-cuadrillas01.jpg 2816w, https:\/\/www.turismocaravaca.com\/blog\/wp-content\/uploads\/2015\/01\/foto-cuadrillas01-300x200.jpg 300w, https:\/\/www.turismocaravaca.com\/blog\/wp-content\/uploads\/2015\/01\/foto-cuadrillas01-1024x684.jpg 1024w\" sizes=\"(max-width: 359px) 100vw, 359px\" \/><\/a> <strong>domingo 25 de enero,<\/strong> a las <strong>10:00 horas<\/strong>, dar\u00e1 comienzo la <strong>Misa Cantada por la Hermandad de las Benditas \u00c1nimas de Pati\u00f1o<\/strong>, en la iglesia de la Candelaria, despu\u00e9s, las calles de Barranda reunir\u00e1n a <strong>13 rondas y<\/strong><strong> cuadrillas de distintas provincias<\/strong>.<br \/>\nPrincipalmente, las piezas que se tocan se denominan \u201cbaile suelto\u201d, dentro de \u00e9ste encontramos: las Jotas, las Seguidillas, los Fandangos o Malague\u00f1as,\u2026 por la tarde, el baile de cuadrillas ser\u00e1 en la calle Mayor y el baile suelto en el Sal\u00f3n Social.<br \/>\nEn estos bailes lo que prima es el aspecto l\u00fadico y las m\u00e1s alta participaci\u00f3n popular.<br \/>\nLa celebraci\u00f3n de este d\u00eda, es un ejemplo de convivencia ciudadana, de fiesta popular desarrollada en la calle, en la que se comparte m\u00fasica y comida t\u00edpica de la tierra, muy apropiada para d\u00edas de fr\u00edo. Toda la informaci\u00f3n relativa a esta fiesta, est\u00e1 disponible para su consulta en <strong>www.fiestadelascuadrillas.com<\/strong><br \/>\nTampoco podemos olvidar, que durante el <strong>s\u00e1bado y<\/strong> el <strong>domingo<\/strong> se celebrar\u00e1 <a href=\"http:\/\/localhost:81\/turismo\/blog\/wp-content\/uploads\/2013\/01\/alambique.jpg\"><img loading=\"lazy\" decoding=\"async\" class=\"alignleft  wp-image-1269\" src=\"http:\/\/localhost:81\/turismo\/blog\/wp-content\/uploads\/2013\/01\/alambique.jpg?w=529\" alt=\"alambique\" width=\"235\" height=\"177\" srcset=\"https:\/\/www.turismocaravaca.com\/blog\/wp-content\/uploads\/2013\/01\/alambique.jpg 2560w, https:\/\/www.turismocaravaca.com\/blog\/wp-content\/uploads\/2013\/01\/alambique-300x225.jpg 300w, https:\/\/www.turismocaravaca.com\/blog\/wp-content\/uploads\/2013\/01\/alambique-1024x768.jpg 1024w\" sizes=\"(max-width: 235px) 100vw, 235px\" \/><\/a>el <strong>Mercado de Tradiciones Campesinas<\/strong>, el cual estar\u00e1 instalado en la Ctra. de Granada en horario <strong>de las 12:30 a las 20:00 horas el s\u00e1bado<\/strong>, y de <strong>10:30 a 21:00 horas el domingo<\/strong>.<br \/>\nEn este Mercado participan artesanos de la zona y de diversos lugares de Espa\u00f1a, que con la decoraci\u00f3n apropiada y variadas actividades de animaci\u00f3n, otorgan especial \u00e9nfasis a los productos, costumbres, tradiciones, etc. del mundo rural que a\u00fan pervive en el t\u00e9rmino municipal de Caravaca de la Cruz.<\/p>\n<p>Os esperamos a todos!!!<\/p>\n","protected":false},"excerpt":{"rendered":"<p>\u00a0\u00a0\u00a0\u00a0\u00a0\u00a0\u00a0\u00a0\u00a0\u00a0\u00a0\u00a0\u00a0\u00a0\u00a0\u00a0\u00a0\u00a0\u00a0\u00a0\u00a0\u00a0\u00a0\u00a0\u00a0\u00a0\u00a0\u00a0\u00a0\u00a0\u00a0\u00a0\u00a0\u00a0 La Fiesta de las Cuadrillas se celebra el \u00faltimo domingo del mes de enero en la pedan\u00eda caravaque\u00f1a de Barranda. Este a\u00f1o cumple su XXXVII edici\u00f3n como referente nacional de la m\u00fasica tradicional. La fiesta mantendr\u00e1 el esquema de sus \u00faltimas ediciones con la celebraci\u00f3n previa de las Jornadas sobre Cultura de Tradici\u00f3n Oral [&hellip;]<\/p>\n","protected":false},"author":2,"featured_media":0,"comment_status":"open","ping_status":"open","sticky":false,"template":"","format":"standard","meta":{"footnotes":""},"categories":[3,5,7,2126,14,15,17,18,19,20,22,23,26,34],"tags":[145,258,259,260,356,364,611,614,615,961,962,977,1151,1155,1320,1964],"class_list":["post-3488","post","type-post","status-publish","format-standard","hentry","category-actividades","category-artesania","category-bienvenida","category-espanol","category-eventos","category-exhibiciones","category-ferias","category-fiestas-2","category-gastronomia-3","category-horarios-2","category-lugares-de-interes","category-mercado-2","category-naturaleza-2","category-uncategorized","tag-aguilanderos-de-barranda","tag-barranda","tag-barranda-2015","tag-barranda-folk","tag-caravaca","tag-caravaca-de-la-cruz","tag-cuadrillas","tag-cuadrillas-de-barranda-2015","tag-cuadrillas-y-rondallas","tag-fiesta-de-interes-turistico-nacional","tag-fiesta-de-las-cuadrillas","tag-fiestas-de-las-cuadrillas-de-barranda","tag-jornadas-de-tradicion-oral","tag-jornadas-sobre-cultura-de-tradicion-oral","tag-mercado-de-tradiciones-campensinas-barranda","tag-tradicion-oral"],"_links":{"self":[{"href":"https:\/\/www.turismocaravaca.com\/blog\/wp-json\/wp\/v2\/posts\/3488"}],"collection":[{"href":"https:\/\/www.turismocaravaca.com\/blog\/wp-json\/wp\/v2\/posts"}],"about":[{"href":"https:\/\/www.turismocaravaca.com\/blog\/wp-json\/wp\/v2\/types\/post"}],"author":[{"embeddable":true,"href":"https:\/\/www.turismocaravaca.com\/blog\/wp-json\/wp\/v2\/users\/2"}],"replies":[{"embeddable":true,"href":"https:\/\/www.turismocaravaca.com\/blog\/wp-json\/wp\/v2\/comments?post=3488"}],"version-history":[{"count":1,"href":"https:\/\/www.turismocaravaca.com\/blog\/wp-json\/wp\/v2\/posts\/3488\/revisions"}],"predecessor-version":[{"id":6436,"href":"https:\/\/www.turismocaravaca.com\/blog\/wp-json\/wp\/v2\/posts\/3488\/revisions\/6436"}],"wp:attachment":[{"href":"https:\/\/www.turismocaravaca.com\/blog\/wp-json\/wp\/v2\/media?parent=3488"}],"wp:term":[{"taxonomy":"category","embeddable":true,"href":"https:\/\/www.turismocaravaca.com\/blog\/wp-json\/wp\/v2\/categories?post=3488"},{"taxonomy":"post_tag","embeddable":true,"href":"https:\/\/www.turismocaravaca.com\/blog\/wp-json\/wp\/v2\/tags?post=3488"}],"curies":[{"name":"wp","href":"https:\/\/api.w.org\/{rel}","templated":true}]}}