{"id":3544,"date":"2015-02-19T13:57:59","date_gmt":"2015-02-19T13:57:59","guid":{"rendered":"https:\/\/turismocaravaca.wordpress.com\/?p=3544"},"modified":"2017-09-04T16:43:48","modified_gmt":"2017-09-04T16:43:48","slug":"pinceladas-del-pasado-en-caravaca-de-la-cruz","status":"publish","type":"post","link":"https:\/\/www.turismocaravaca.com\/blog\/pinceladas-del-pasado-en-caravaca-de-la-cruz\/","title":{"rendered":"\u201cPinceladas del Pasado\u201d en Caravaca de la Cruz"},"content":{"rendered":"<p style=\"text-align:justify;\">\u00a0\u00a0\u00a0\u00a0\u00a0\u00a0\u00a0\u00a0\u00a0\u00a0\u00a0\u00a0\u00a0\u00a0\u00a0\u00a0\u00a0\u00a0\u00a0\u00a0\u00a0\u00a0\u00a0\u00a0\u00a0\u00a0\u00a0\u00a0\u00a0\u00a0\u00a0\u00a0\u00a0\u00a0\u00a0\u00a0\u00a0\u00a0\u00a0\u00a0\u00a0\u00a0\u00a0 \u00a0 En la Antigua Iglesia de la <strong>Compa\u00f1\u00eda de Jes\u00fas<\/strong>, se podr\u00e1n admirar una veintena de obras de artistas como Esteban Murillo o Vald\u00e9s Leal y del taller de Zurbar\u00e1n o la Escuela Barroca Sevillana.<a href=\"http:\/\/localhost:81\/turismo\/blog\/wp-content\/uploads\/2015\/02\/pinceladasdelpasado07.jpg\"><img loading=\"lazy\" decoding=\"async\" class=\"alignright  wp-image-3547\" src=\"http:\/\/localhost:81\/turismo\/blog\/wp-content\/uploads\/2015\/02\/pinceladasdelpasado07.jpg?w=300\" alt=\"PinceladasDelPasado07\" width=\"238\" height=\"169\" \/><\/a><br \/>\nLa exposici\u00f3n <strong>\u201cPinceladas del Pasado\u201d<\/strong> trae hasta Caravaca de la Cruz una colecci\u00f3n de obras de arte de los grandes maestros del Barroco espa\u00f1ol. La actividad forma parte de los actos con motivo del <strong>V Centenario del Nacimiento de Santa Teresa de Jes\u00fas<\/strong> y la puesta en marcha de la ruta tur\u00edstica y cultural \u201cHuellas de Teresa\u201d. En esta ocasi\u00f3n se ha contado con la colaboraci\u00f3n de la Consejer\u00eda de Cultura, a trav\u00e9s de su Direcci\u00f3n General de Bienes Culturales, y del Patronato Fundaci\u00f3n de Santa Isabel de Villanueva del R\u00edo y al Museo de Bellas Artes de Murcia (MuBAM), que han sido objeto de estudio, an\u00e1lisis y restauraci\u00f3n en los \u00faltimos a\u00f1os.<a href=\"http:\/\/localhost:81\/turismo\/blog\/wp-content\/uploads\/2015\/02\/cartelpinceladasb.jpg\"><img loading=\"lazy\" decoding=\"async\" class=\"aligncenter  wp-image-3545\" src=\"http:\/\/localhost:81\/turismo\/blog\/wp-content\/uploads\/2015\/02\/cartelpinceladasb.jpg?w=529\" alt=\"cartelpinceladasb\" width=\"310\" height=\"558\" \/><\/a>\n<\/p>\n<p style=\"text-align:justify;\">\u00a0\u00a0\u00a0\u00a0\u00a0\u00a0\u00a0\u00a0\u00a0\u00a0\u00a0\u00a0\u00a0\u00a0\u00a0\u00a0\u00a0\u00a0\u00a0\u00a0\u00a0\u00a0\u00a0\u00a0\u00a0\u00a0\u00a0\u00a0\u00a0\u00a0\u00a0\u00a0\u00a0 Las piezas en su d\u00eda pertenecieron, en su mayor parte, a la colecci\u00f3n Garc\u00eda de Le\u00f3n Pizarro de Madrid, probablemente reunida en el siglo XVIII en Andaluc\u00eda, Madrid e Hispanoam\u00e9rica y continuada por sus familiares directos, para ser desmembrada durante la centuria decimon\u00f3nica. Su \u00faltima propietaria Isabel Baltasara L\u00f3pez y L\u00f3pez la cedi\u00f3 por voluntad testamentaria al Hospital Asilo de Villanueva del Segura.<br \/>\nLa exposici\u00f3n permanecer\u00e1 abierta al p\u00fablico de forma gratuita, del <strong>18 de febrero al 12 de marzo<\/strong>, en horario de <strong>11:00 a 13:30h. y de 17:30 a 20:30 horas.<\/strong><\/p>\n","protected":false},"excerpt":{"rendered":"<p>\u00a0\u00a0\u00a0\u00a0\u00a0\u00a0\u00a0\u00a0\u00a0\u00a0\u00a0\u00a0\u00a0\u00a0\u00a0\u00a0\u00a0\u00a0\u00a0\u00a0\u00a0\u00a0\u00a0\u00a0\u00a0\u00a0\u00a0\u00a0\u00a0\u00a0\u00a0\u00a0\u00a0\u00a0\u00a0\u00a0\u00a0\u00a0\u00a0\u00a0\u00a0\u00a0\u00a0 \u00a0 En la Antigua Iglesia de la Compa\u00f1\u00eda de Jes\u00fas, se podr\u00e1n admirar una veintena de obras de artistas como Esteban Murillo o Vald\u00e9s Leal y del taller de Zurbar\u00e1n o la Escuela Barroca Sevillana. La exposici\u00f3n \u201cPinceladas del Pasado\u201d trae hasta Caravaca de la Cruz una colecci\u00f3n de obras de arte de los [&hellip;]<\/p>\n","protected":false},"author":2,"featured_media":0,"comment_status":"open","ping_status":"open","sticky":false,"template":"","format":"standard","meta":{"footnotes":""},"categories":[3,2,4,7,2126,14,16,20,21,22,34],"tags":[177,200,291,356,364,848,884,1065,1080,1181,1543,1571,1572,1816,2021,2027],"class_list":["post-3544","post","type-post","status-publish","format-standard","hentry","category-actividades","category-ano-jubilar","category-arte","category-bienvenida","category-espanol","category-eventos","category-exposiones","category-horarios-2","category-iglesias","category-lugares-de-interes","category-uncategorized","tag-antigua-iglesia-compania-de-jesus","tag-arte-en-caravaca","tag-blog-de-turismo","tag-caravaca","tag-caravaca-de-la-cruz","tag-esteban-murillo","tag-exposicion-de-arte-en-caravaca","tag-historia-del-arte-en-caravaca","tag-huellas-de-teresa-caravaca","tag-la-antigua-iglesia-de-la-compania-de-jesus","tag-patronato-fundacion-de-santa-isabel","tag-pinceladas-del-pasado","tag-pinceladas-del-pasado-en-caravaca","tag-santa-teresa-de-jesus","tag-v-centenario-nacimiento-de-santa-teresa-caravaca","tag-valdes-leal"],"_links":{"self":[{"href":"https:\/\/www.turismocaravaca.com\/blog\/wp-json\/wp\/v2\/posts\/3544"}],"collection":[{"href":"https:\/\/www.turismocaravaca.com\/blog\/wp-json\/wp\/v2\/posts"}],"about":[{"href":"https:\/\/www.turismocaravaca.com\/blog\/wp-json\/wp\/v2\/types\/post"}],"author":[{"embeddable":true,"href":"https:\/\/www.turismocaravaca.com\/blog\/wp-json\/wp\/v2\/users\/2"}],"replies":[{"embeddable":true,"href":"https:\/\/www.turismocaravaca.com\/blog\/wp-json\/wp\/v2\/comments?post=3544"}],"version-history":[{"count":1,"href":"https:\/\/www.turismocaravaca.com\/blog\/wp-json\/wp\/v2\/posts\/3544\/revisions"}],"predecessor-version":[{"id":6428,"href":"https:\/\/www.turismocaravaca.com\/blog\/wp-json\/wp\/v2\/posts\/3544\/revisions\/6428"}],"wp:attachment":[{"href":"https:\/\/www.turismocaravaca.com\/blog\/wp-json\/wp\/v2\/media?parent=3544"}],"wp:term":[{"taxonomy":"category","embeddable":true,"href":"https:\/\/www.turismocaravaca.com\/blog\/wp-json\/wp\/v2\/categories?post=3544"},{"taxonomy":"post_tag","embeddable":true,"href":"https:\/\/www.turismocaravaca.com\/blog\/wp-json\/wp\/v2\/tags?post=3544"}],"curies":[{"name":"wp","href":"https:\/\/api.w.org\/{rel}","templated":true}]}}