{"id":3558,"date":"2015-03-03T09:40:30","date_gmt":"2015-03-03T09:40:30","guid":{"rendered":"https:\/\/turismocaravaca.wordpress.com\/?p=3558"},"modified":"2017-09-04T16:43:48","modified_gmt":"2017-09-04T16:43:48","slug":"las-ciudades-teresianas-se-reunen-en-villanueva-de-la-jara","status":"publish","type":"post","link":"https:\/\/www.turismocaravaca.com\/blog\/las-ciudades-teresianas-se-reunen-en-villanueva-de-la-jara\/","title":{"rendered":"Las Ciudades Teresianas se reunen en Villanueva de la Jara"},"content":{"rendered":"<p style=\"text-align:justify;\">En la ma\u00f1ana de ayer lunes, en Villanueva de la Jara (Cuenca), tuvo lugar una nueva reuni\u00f3n de trabajo de las <strong>\u201cCiudades Teresianas\u201d<\/strong>, en la que se acord\u00f3 continuar con la promoci\u00f3n, tanto internacionalmente como en Espa\u00f1a, de la ruta <strong>\u201cHuellas de Teresa\u201d<\/strong>, con los compromisos alcanzados con RTVE, Paradores de Espa\u00f1a, Correos de Espa\u00f1a, ONCE, Caf\u00e9s Baqu\u00e9 y los parking de Empark.<\/p>\n<p style=\"text-align:justify;\"><a href=\"http:\/\/localhost:81\/turismo\/blog\/wp-content\/uploads\/2015\/03\/foto-reunic3b3n-villanueva-de-la-jara.jpg\"><img loading=\"lazy\" decoding=\"async\" class=\"aligncenter size-medium wp-image-3559\" src=\"http:\/\/localhost:81\/turismo\/blog\/wp-content\/uploads\/2015\/03\/foto-reunic3b3n-villanueva-de-la-jara.jpg?w=300\" alt=\"Foto  Reuni\u00f3n Villanueva de la Jara\" width=\"300\" height=\"200\" srcset=\"https:\/\/www.turismocaravaca.com\/blog\/wp-content\/uploads\/2015\/03\/foto-reunic3b3n-villanueva-de-la-jara.jpg 2176w, https:\/\/www.turismocaravaca.com\/blog\/wp-content\/uploads\/2015\/03\/foto-reunic3b3n-villanueva-de-la-jara-300x200.jpg 300w, https:\/\/www.turismocaravaca.com\/blog\/wp-content\/uploads\/2015\/03\/foto-reunic3b3n-villanueva-de-la-jara-1024x684.jpg 1024w\" sizes=\"(max-width: 300px) 100vw, 300px\" \/><\/a>En concreto, se van a elaborar dos series documentales para TVE, una de ellos de tem\u00e1tica gastron\u00f3mica; se ofertar\u00e1 el men\u00fa<strong> \u201cTeresa entre Pucheros\u201d<\/strong> en varios Paradores de Espa\u00f1a; la edici\u00f3n de m\u00e1s de 30 millones de sellos conmemorativos del V Centenario por parte de Correos; la emisi\u00f3n de una serie conmemorativa de 19 cupones de la ONCE sobre \u201cHuellas de Teresa\u201d; adem\u00e1s se van a producir 1,5 millones de azucarillos de Caf\u00e9s Baqu\u00e9, invitando a seguir las \u201cHuellas de Teresa\u201d; y se instalar\u00e1n carteles promocionales de la ruta en los parking que la empresa Empark tiene en las Provincias Teresianas de Espa\u00f1a. <a href=\"http:\/\/localhost:81\/turismo\/blog\/wp-content\/uploads\/2015\/03\/sello-correos-huellas.jpg\"><img loading=\"lazy\" decoding=\"async\" class=\"  wp-image-3560 alignleft\" src=\"http:\/\/localhost:81\/turismo\/blog\/wp-content\/uploads\/2015\/03\/sello-correos-huellas.jpg?w=300\" alt=\"sello correos huellas\" width=\"224\" height=\"134\" \/><\/a><\/p>\n<p style=\"text-align:justify;\">Por otro parte, a nivel internacional y dentro del Plan de Promoci\u00f3n y Comercializaci\u00f3n del producto <strong>\u201cHuellas de Teresa\u201d y del V Centenario,<\/strong> en colaboraci\u00f3n con Turespa\u00f1a y Paradores de Espa\u00f1a, se van a acoger grupos de periodistas de Francia, Irlanda, Portugal, Brasil, Alemania, Argentina y Polonia durante este mes de marzo y el pr\u00f3ximo abril. Adem\u00e1s se han considerado acciones futuras en origen en Portugal y en el continente americano.\u00a0 <a href=\"http:\/\/localhost:81\/turismo\/blog\/wp-content\/uploads\/2015\/03\/logostj500_rgb.jpg\"><img loading=\"lazy\" decoding=\"async\" class=\"alignright  wp-image-3561\" src=\"http:\/\/localhost:81\/turismo\/blog\/wp-content\/uploads\/2015\/03\/logostj500_rgb.jpg?w=300\" alt=\"logoSTJ500_RGB\" width=\"144\" height=\"104\" srcset=\"https:\/\/www.turismocaravaca.com\/blog\/wp-content\/uploads\/2015\/03\/logostj500_rgb.jpg 1600w, https:\/\/www.turismocaravaca.com\/blog\/wp-content\/uploads\/2015\/03\/logostj500_rgb-300x214.jpg 300w, https:\/\/www.turismocaravaca.com\/blog\/wp-content\/uploads\/2015\/03\/logostj500_rgb-1024x732.jpg 1024w\" sizes=\"(max-width: 144px) 100vw, 144px\" \/><\/a><\/p>\n<p style=\"text-align:justify;\">Recordar que<strong> \u201cHuellas de Teresa\u201d<\/strong> es una ruta libre, sin l\u00edmite temporal, que permite m\u00faltiples opciones y que se adapta a las necesidades del turista y peregrino, siendo tan f\u00e1cil como sellar la credencial en al menos 4 de las 17 ciudades de 2 comunidades aut\u00f3nomas distintas, y acudir a la oficina del peregrino de \u00c1vila para obtener la distinci\u00f3n que acredite conocer la \u201cHuella de Teresa\u201d.<\/p>\n<p style=\"text-align:justify;\"><a href=\"http:\/\/localhost:81\/turismo\/blog\/wp-content\/uploads\/2015\/03\/imagen1-santa-teresa-copia.jpg\"><img loading=\"lazy\" decoding=\"async\" class=\"alignleft  wp-image-3562\" src=\"http:\/\/localhost:81\/turismo\/blog\/wp-content\/uploads\/2015\/03\/imagen1-santa-teresa-copia.jpg?w=165\" alt=\"Imagen1-Santa Teresa \" width=\"105\" height=\"186\" \/><\/a>\u00c1vila, Medina del Campo, Malag\u00f3n, Valladolid, Toledo, Pastrana, Salamanca, Alba de Tormes, Segovia, Beas de Segura, Sevilla, Caravaca de la Cruz, Villanueva de la Jara, Palencia, Soria, Granada, y Burgos, <strong>\u201cCiudades Teresianas\u201d<\/strong> que buscan preservar el legado de Santa Teresa de Jes\u00fas.<\/p>\n","protected":false},"excerpt":{"rendered":"<p>En la ma\u00f1ana de ayer lunes, en Villanueva de la Jara (Cuenca), tuvo lugar una nueva reuni\u00f3n de trabajo de las \u201cCiudades Teresianas\u201d, en la que se acord\u00f3 continuar con la promoci\u00f3n, tanto internacionalmente como en Espa\u00f1a, de la ruta \u201cHuellas de Teresa\u201d, con los compromisos alcanzados con RTVE, Paradores de Espa\u00f1a, Correos de Espa\u00f1a, [&hellip;]<\/p>\n","protected":false},"author":2,"featured_media":0,"comment_status":"open","ping_status":"open","sticky":false,"template":"","format":"standard","meta":{"footnotes":""},"categories":[2126,34],"tags":[356,364,486,1078,1816],"class_list":["post-3558","post","type-post","status-publish","format-standard","hentry","category-espanol","category-uncategorized","tag-caravaca","tag-caravaca-de-la-cruz","tag-ciudades-teresianas","tag-huellas-de-teresa","tag-santa-teresa-de-jesus"],"_links":{"self":[{"href":"https:\/\/www.turismocaravaca.com\/blog\/wp-json\/wp\/v2\/posts\/3558"}],"collection":[{"href":"https:\/\/www.turismocaravaca.com\/blog\/wp-json\/wp\/v2\/posts"}],"about":[{"href":"https:\/\/www.turismocaravaca.com\/blog\/wp-json\/wp\/v2\/types\/post"}],"author":[{"embeddable":true,"href":"https:\/\/www.turismocaravaca.com\/blog\/wp-json\/wp\/v2\/users\/2"}],"replies":[{"embeddable":true,"href":"https:\/\/www.turismocaravaca.com\/blog\/wp-json\/wp\/v2\/comments?post=3558"}],"version-history":[{"count":1,"href":"https:\/\/www.turismocaravaca.com\/blog\/wp-json\/wp\/v2\/posts\/3558\/revisions"}],"predecessor-version":[{"id":6425,"href":"https:\/\/www.turismocaravaca.com\/blog\/wp-json\/wp\/v2\/posts\/3558\/revisions\/6425"}],"wp:attachment":[{"href":"https:\/\/www.turismocaravaca.com\/blog\/wp-json\/wp\/v2\/media?parent=3558"}],"wp:term":[{"taxonomy":"category","embeddable":true,"href":"https:\/\/www.turismocaravaca.com\/blog\/wp-json\/wp\/v2\/categories?post=3558"},{"taxonomy":"post_tag","embeddable":true,"href":"https:\/\/www.turismocaravaca.com\/blog\/wp-json\/wp\/v2\/tags?post=3558"}],"curies":[{"name":"wp","href":"https:\/\/api.w.org\/{rel}","templated":true}]}}