{"id":3595,"date":"2015-03-17T12:35:45","date_gmt":"2015-03-17T12:35:45","guid":{"rendered":"https:\/\/turismocaravaca.wordpress.com\/?p=3595"},"modified":"2017-09-04T16:45:00","modified_gmt":"2017-09-04T16:45:00","slug":"exposiciones-temporales-en-el-museo-de-la-fiesta-de-caravaca-de-la-cruz","status":"publish","type":"post","link":"https:\/\/www.turismocaravaca.com\/blog\/exposiciones-temporales-en-el-museo-de-la-fiesta-de-caravaca-de-la-cruz\/","title":{"rendered":"Exposiciones temporales en el Museo de la Fiesta de Caravaca de la Cruz"},"content":{"rendered":"<p style=\"text-align:justify;\">\u00a0\u00a0\u00a0\u00a0\u00a0\u00a0\u00a0\u00a0\u00a0\u00a0\u00a0\u00a0\u00a0\u00a0\u00a0\u00a0\u00a0\u00a0\u00a0\u00a0\u00a0\u00a0\u00a0\u00a0\u00a0\u00a0\u00a0\u00a0\u00a0\u00a0\u00a0\u00a0\u00a0\u00a0\u00a0\u00a0\u00a0\u00a0\u00a0\u00a0 El <strong>Museo de la Fiesta<\/strong> albergar\u00e1 una serie de exposiciones monogr\u00e1ficas sobre aspectos relacionados los<strong> Bandos Moro<\/strong> y <strong>Cristiano<\/strong> y los rituales y tradiciones de las <strong>Fiestas de la Cruz<\/strong>. Con la c\u00e1bila Ceyt Abuceyt se ha iniciado el programa de exposiciones temporales, que tendr\u00e1n duraci\u00f3n mensual.<\/p>\n<p style=\"text-align:justify;\">\u00a0\u00a0\u00a0\u00a0\u00a0\u00a0\u00a0\u00a0\u00a0\u00a0\u00a0\u00a0\u00a0\u00a0\u00a0\u00a0\u00a0\u00a0\u00a0\u00a0\u00a0\u00a0\u00a0\u00a0\u00a0\u00a0\u00a0\u00a0\u00a0\u00a0\u00a0\u00a0\u00a0\u00a0\u00a0\u00a0\u00a0\u00a0\u00a0\u00a0\u00a0\u00a0\u00a0\u00a0 Estas muestras estar\u00e1n dedicadas a presentar la indumentaria, historia y los datos m\u00e1s relevantes los grupos cristianos y c\u00e1bilas moras. Igualmente, se ampliar\u00e1 el contenido de estas exposiciones de car\u00e1cter monogr\u00e1fico con otras espec\u00edficas de reyes, sultanes y amazonas o tradiciones como la Bandeja de Flores, el Romancero Sat\u00edrico del grupo de San Juan o el T\u00edo de la Pita.<a href=\"http:\/\/localhost:81\/turismo\/blog\/wp-content\/uploads\/2015\/03\/expo-ceyt.jpg\"><img loading=\"lazy\" decoding=\"async\" class=\"aligncenter  wp-image-3596\" src=\"http:\/\/localhost:81\/turismo\/blog\/wp-content\/uploads\/2015\/03\/expo-ceyt.jpg?w=529\" alt=\"expo ceyt\" width=\"374\" height=\"259\" \/><\/a><\/p>\n<p style=\"text-align:justify;\">\nLa primera exposici\u00f3n a desarrollar, como hemos dicho antes, est\u00e1 dedicada a la cabila mora <strong>Ceyt Abuceyt<\/strong>. Se muestran los vestuarios de sus grupos masculino y femenino, as\u00ed como otros aspectos relacionados con sus se\u00f1as de identidad y objetos curiosos como la \u00abBaraja Festera\u00bb, gracias a la colaboraci\u00f3n prestada por sus componentes.<\/p>\n<p style=\"text-align:justify;\">\n<a href=\"http:\/\/localhost:81\/turismo\/blog\/wp-content\/uploads\/2015\/03\/expo-ceyt2.jpg\"><img loading=\"lazy\" decoding=\"async\" class=\"alignleft size-medium wp-image-3597\" src=\"http:\/\/localhost:81\/turismo\/blog\/wp-content\/uploads\/2015\/03\/expo-ceyt2.jpg?w=300\" alt=\"expo ceyt2\" width=\"300\" height=\"211\" srcset=\"https:\/\/www.turismocaravaca.com\/blog\/wp-content\/uploads\/2015\/03\/expo-ceyt2.jpg 640w, https:\/\/www.turismocaravaca.com\/blog\/wp-content\/uploads\/2015\/03\/expo-ceyt2-300x211.jpg 300w\" sizes=\"(max-width: 300px) 100vw, 300px\" \/><\/a>El horario de apertura del Museo de la Fiesta es de <strong>martes a s\u00e1bados<\/strong> de <strong>10:00 a 14:00 horas<\/strong> y de <strong>16:00 a 19.00 horas<\/strong> y <strong>domingos de 10:00 a 14:00 horas<\/strong> y la <strong>visita a esta exposici\u00f3n es gratuita.<\/strong><\/p>\n<p style=\"text-align:justify;\">As\u00ed que no os olvid\u00e9is que, mensualmente se celebrar\u00e1n muestras monogr\u00e1ficas sobre aspectos relacionados con las fiestas patronales.<\/p>\n","protected":false},"excerpt":{"rendered":"<p>\u00a0\u00a0\u00a0\u00a0\u00a0\u00a0\u00a0\u00a0\u00a0\u00a0\u00a0\u00a0\u00a0\u00a0\u00a0\u00a0\u00a0\u00a0\u00a0\u00a0\u00a0\u00a0\u00a0\u00a0\u00a0\u00a0\u00a0\u00a0\u00a0\u00a0\u00a0\u00a0\u00a0\u00a0\u00a0\u00a0\u00a0\u00a0\u00a0\u00a0 El Museo de la Fiesta albergar\u00e1 una serie de exposiciones monogr\u00e1ficas sobre aspectos relacionados los Bandos Moro y Cristiano y los rituales y tradiciones de las Fiestas de la Cruz. Con la c\u00e1bila Ceyt Abuceyt se ha iniciado el programa de exposiciones temporales, que tendr\u00e1n duraci\u00f3n mensual. \u00a0\u00a0\u00a0\u00a0\u00a0\u00a0\u00a0\u00a0\u00a0\u00a0\u00a0\u00a0\u00a0\u00a0\u00a0\u00a0\u00a0\u00a0\u00a0\u00a0\u00a0\u00a0\u00a0\u00a0\u00a0\u00a0\u00a0\u00a0\u00a0\u00a0\u00a0\u00a0\u00a0\u00a0\u00a0\u00a0\u00a0\u00a0\u00a0\u00a0\u00a0\u00a0\u00a0\u00a0 Estas muestras estar\u00e1n dedicadas a presentar [&hellip;]<\/p>\n","protected":false},"author":2,"featured_media":0,"comment_status":"open","ping_status":"open","sticky":false,"template":"","format":"standard","meta":{"footnotes":""},"categories":[3,4,5,7,2126,15,16,18,20,22,24,25,34],"tags":[238,252,255,356,364,464,894,900,959,974,975,1389,1399,1407,1983],"class_list":["post-3595","post","type-post","status-publish","format-standard","hentry","category-actividades","category-arte","category-artesania","category-bienvenida","category-espanol","category-exhibiciones","category-exposiones","category-fiestas-2","category-horarios-2","category-lugares-de-interes","category-monumentos-2","category-museos-3","category-uncategorized","tag-baando-moro-y-cristiano","tag-bando-cristiano","tag-bando-moro","tag-caravaca","tag-caravaca-de-la-cruz","tag-ceyt-abuceyt","tag-exposicion-monografica-fiestas-de-caravaca","tag-exposiciones-temporales","tag-fiesta","tag-fiestas-de-la-cruz","tag-fiestas-de-la-stma-y-vera-cruz-de-caravaca","tag-muestras-monograficas-fiestas-patronales-caravaca","tag-museo","tag-museo-de-la-fiesta","tag-turismo-caravaca"],"_links":{"self":[{"href":"https:\/\/www.turismocaravaca.com\/blog\/wp-json\/wp\/v2\/posts\/3595"}],"collection":[{"href":"https:\/\/www.turismocaravaca.com\/blog\/wp-json\/wp\/v2\/posts"}],"about":[{"href":"https:\/\/www.turismocaravaca.com\/blog\/wp-json\/wp\/v2\/types\/post"}],"author":[{"embeddable":true,"href":"https:\/\/www.turismocaravaca.com\/blog\/wp-json\/wp\/v2\/users\/2"}],"replies":[{"embeddable":true,"href":"https:\/\/www.turismocaravaca.com\/blog\/wp-json\/wp\/v2\/comments?post=3595"}],"version-history":[{"count":1,"href":"https:\/\/www.turismocaravaca.com\/blog\/wp-json\/wp\/v2\/posts\/3595\/revisions"}],"predecessor-version":[{"id":6520,"href":"https:\/\/www.turismocaravaca.com\/blog\/wp-json\/wp\/v2\/posts\/3595\/revisions\/6520"}],"wp:attachment":[{"href":"https:\/\/www.turismocaravaca.com\/blog\/wp-json\/wp\/v2\/media?parent=3595"}],"wp:term":[{"taxonomy":"category","embeddable":true,"href":"https:\/\/www.turismocaravaca.com\/blog\/wp-json\/wp\/v2\/categories?post=3595"},{"taxonomy":"post_tag","embeddable":true,"href":"https:\/\/www.turismocaravaca.com\/blog\/wp-json\/wp\/v2\/tags?post=3595"}],"curies":[{"name":"wp","href":"https:\/\/api.w.org\/{rel}","templated":true}]}}