{"id":3667,"date":"2015-05-08T13:07:45","date_gmt":"2015-05-08T13:07:45","guid":{"rendered":"https:\/\/turismocaravaca.wordpress.com\/?p=3667"},"modified":"2017-09-04T16:44:58","modified_gmt":"2017-09-04T16:44:58","slug":"exposicion-de-enjaezamientos-de-caballos-del-vino-2015","status":"publish","type":"post","link":"https:\/\/www.turismocaravaca.com\/blog\/exposicion-de-enjaezamientos-de-caballos-del-vino-2015\/","title":{"rendered":"Exposici\u00f3n de Enjaezamientos de  Caballos del Vino 2015"},"content":{"rendered":"<p style=\"text-align:justify;\">\u00a0\u00a0\u00a0\u00a0\u00a0\u00a0\u00a0\u00a0\u00a0\u00a0\u00a0\u00a0\u00a0\u00a0\u00a0\u00a0\u00a0\u00a0\u00a0\u00a0\u00a0\u00a0\u00a0\u00a0\u00a0\u00a0\u00a0\u00a0\u00a0\u00a0\u00a0\u00a0\u00a0\u00a0\u00a0\u00a0\u00a0\u00a0\u00a0 Como todos los a\u00f1os por estas fechas, desde ayer, se encuentra abierta al p\u00fablico y de manera <strong>GRATUITA<\/strong> la <strong>Exposici\u00f3n de Mantos<\/strong> de los <strong>Caballos del Vino<\/strong> de este a\u00f1o <strong>2015<\/strong>.<\/p>\n<p style=\"text-align:justify;\">\u00a0\u00a0\u00a0\u00a0\u00a0\u00a0\u00a0\u00a0\u00a0\u00a0\u00a0\u00a0\u00a0\u00a0\u00a0\u00a0\u00a0\u00a0\u00a0\u00a0\u00a0\u00a0\u00a0\u00a0\u00a0\u00a0\u00a0\u00a0\u00a0\u00a0\u00a0 Dicha exposici\u00f3n se encuentra ubicada en pleno coraz\u00f3n de nuestra ciudad, en la <strong>Antigua Iglesia de la Compa\u00f1\u00eda de Jes\u00fas<\/strong> en horario de <strong>11 a 13:30h<\/strong>. y de <strong>18 a 21h.<a href=\"https:\/\/turismocaravaca.files.wordpress.com\/2015\/05\/enjaez.jpg\"><img loading=\"lazy\" decoding=\"async\" class=\"aligncenter size-large wp-image-3668\" src=\"https:\/\/turismocaravaca.files.wordpress.com\/2015\/05\/enjaez.jpg?w=529\" alt=\"enjaez\" width=\"529\" height=\"360\" srcset=\"https:\/\/www.turismocaravaca.com\/blog\/wp-content\/uploads\/2015\/05\/enjaez.jpg 5448w, https:\/\/www.turismocaravaca.com\/blog\/wp-content\/uploads\/2015\/05\/enjaez-300x204.jpg 300w, https:\/\/www.turismocaravaca.com\/blog\/wp-content\/uploads\/2015\/05\/enjaez-1024x697.jpg 1024w\" sizes=\"(max-width: 529px) 100vw, 529px\" \/><\/a><\/strong><\/p>\n<p style=\"text-align:justify;\">\u00a0\u00a0\u00a0\u00a0\u00a0\u00a0\u00a0\u00a0\u00a0\u00a0\u00a0\u00a0\u00a0\u00a0\u00a0\u00a0\u00a0\u00a0\u00a0\u00a0\u00a0\u00a0\u00a0\u00a0\u00a0\u00a0\u00a0 Si la visitamos, podremos apreciar desde cerca la magnitud y el trabajo realizado por las <strong>bordadoras y dise<\/strong><a href=\"https:\/\/turismocaravaca.files.wordpress.com\/2015\/05\/enja1.jpg\"><img loading=\"lazy\" decoding=\"async\" class=\"alignright size-thumbnail wp-image-3670\" src=\"https:\/\/turismocaravaca.files.wordpress.com\/2015\/05\/enja1.jpg?w=150\" alt=\"enja1\" width=\"150\" height=\"100\" srcset=\"https:\/\/www.turismocaravaca.com\/blog\/wp-content\/uploads\/2015\/05\/enja1.jpg 3504w, https:\/\/www.turismocaravaca.com\/blog\/wp-content\/uploads\/2015\/05\/enja1-300x200.jpg 300w, https:\/\/www.turismocaravaca.com\/blog\/wp-content\/uploads\/2015\/05\/enja1-1024x683.jpg 1024w\" sizes=\"(max-width: 150px) 100vw, 150px\" \/><\/a><strong>\u00f1adores<\/strong> de Caravaca de la Cruz, todo ello en una visita para no olvidar y en la que puedes ver los mantos de los primeros premios de las pe\u00f1as del primer bloque y los del segundo bloque.<\/p>\n<p style=\"text-align:justify;\">\u00a0\u00a0\u00a0\u00a0\u00a0\u00a0\u00a0\u00a0\u00a0\u00a0\u00a0\u00a0\u00a0\u00a0\u00a0\u00a0\u00a0\u00a0\u00a0\u00a0\u00a0\u00a0\u00a0\u00a0\u00a0\u00a0\u00a0\u00a0\u00a0\u00a0\u00a0\u00a0\u00a0\u00a0\u00a0 Eso si, no olvidar que est\u00e1 exposici\u00f3n permanecer\u00e1 abierta hasta el pr\u00f3ximo <strong>d\u00eda 30 de mayo. <\/strong><\/p>\n<p style=\"text-align:justify;\">\u00a0\u00a0\u00a0\u00a0\u00a0\u00a0\u00a0\u00a0\u00a0\u00a0\u00a0\u00a0\u00a0\u00a0\u00a0\u00a0\u00a0\u00a0\u00a0\u00a0\u00a0\u00a0\u00a0\u00a0\u00a0\u00a0\u00a0\u00a0\u00a0\u00a0\u00a0\u00a0\u00a0\u00a0\u00a0\u00a0\u00a0\u00a0\u00a0\u00a0\u00a0\u00a0\u00a0 \u00a1\u00a1An\u00edmate a venir!!<\/p>\n","protected":false},"excerpt":{"rendered":"<p>\u00a0\u00a0\u00a0\u00a0\u00a0\u00a0\u00a0\u00a0\u00a0\u00a0\u00a0\u00a0\u00a0\u00a0\u00a0\u00a0\u00a0\u00a0\u00a0\u00a0\u00a0\u00a0\u00a0\u00a0\u00a0\u00a0\u00a0\u00a0\u00a0\u00a0\u00a0\u00a0\u00a0\u00a0\u00a0\u00a0\u00a0\u00a0\u00a0 Como todos los a\u00f1os por estas fechas, desde ayer, se encuentra abierta al p\u00fablico y de manera GRATUITA la Exposici\u00f3n de Mantos de los Caballos del Vino de este a\u00f1o 2015. \u00a0\u00a0\u00a0\u00a0\u00a0\u00a0\u00a0\u00a0\u00a0\u00a0\u00a0\u00a0\u00a0\u00a0\u00a0\u00a0\u00a0\u00a0\u00a0\u00a0\u00a0\u00a0\u00a0\u00a0\u00a0\u00a0\u00a0\u00a0\u00a0\u00a0\u00a0 Dicha exposici\u00f3n se encuentra ubicada en pleno coraz\u00f3n de nuestra ciudad, en la Antigua Iglesia de la Compa\u00f1\u00eda de Jes\u00fas en horario [&hellip;]<\/p>\n","protected":false},"author":2,"featured_media":0,"comment_status":"open","ping_status":"open","sticky":false,"template":"","format":"standard","meta":{"footnotes":""},"categories":[4,5,2126,14,16,20,22,34],"tags":[300,302,315,317,356,364,708,815,816,875,888,1280,1281,1282,1283,1983],"class_list":["post-3667","post","type-post","status-publish","format-standard","hentry","category-arte","category-artesania","category-espanol","category-eventos","category-exposiones","category-horarios-2","category-lugares-de-interes","category-uncategorized","tag-bordadoras-enjaezamiento","tag-bordados-en-caravaca","tag-caballos","tag-caballos-del-vino-2015","tag-caravaca","tag-caravaca-de-la-cruz","tag-disenadores-de-mantos-caravaca","tag-enjaezamientos-de-los-caballos-del-vino-2015","tag-enjaezamietos-2015","tag-exposicion-de-enjaezamientos-de-caballos-del-vino-2015","tag-exposicion-de-mantos-de-caballos-2015","tag-mantos-bordados-caravaca","tag-mantos-caballos-2015","tag-mantos-caravaca-2015","tag-mantos-en-la-compania-de-jesus","tag-turismo-caravaca"],"_links":{"self":[{"href":"https:\/\/www.turismocaravaca.com\/blog\/wp-json\/wp\/v2\/posts\/3667"}],"collection":[{"href":"https:\/\/www.turismocaravaca.com\/blog\/wp-json\/wp\/v2\/posts"}],"about":[{"href":"https:\/\/www.turismocaravaca.com\/blog\/wp-json\/wp\/v2\/types\/post"}],"author":[{"embeddable":true,"href":"https:\/\/www.turismocaravaca.com\/blog\/wp-json\/wp\/v2\/users\/2"}],"replies":[{"embeddable":true,"href":"https:\/\/www.turismocaravaca.com\/blog\/wp-json\/wp\/v2\/comments?post=3667"}],"version-history":[{"count":1,"href":"https:\/\/www.turismocaravaca.com\/blog\/wp-json\/wp\/v2\/posts\/3667\/revisions"}],"predecessor-version":[{"id":6506,"href":"https:\/\/www.turismocaravaca.com\/blog\/wp-json\/wp\/v2\/posts\/3667\/revisions\/6506"}],"wp:attachment":[{"href":"https:\/\/www.turismocaravaca.com\/blog\/wp-json\/wp\/v2\/media?parent=3667"}],"wp:term":[{"taxonomy":"category","embeddable":true,"href":"https:\/\/www.turismocaravaca.com\/blog\/wp-json\/wp\/v2\/categories?post=3667"},{"taxonomy":"post_tag","embeddable":true,"href":"https:\/\/www.turismocaravaca.com\/blog\/wp-json\/wp\/v2\/tags?post=3667"}],"curies":[{"name":"wp","href":"https:\/\/api.w.org\/{rel}","templated":true}]}}