{"id":3741,"date":"2015-06-10T13:23:02","date_gmt":"2015-06-10T13:23:02","guid":{"rendered":"https:\/\/turismocaravaca.wordpress.com\/?p=3741"},"modified":"2017-09-04T16:44:56","modified_gmt":"2017-09-04T16:44:56","slug":"cambio-de-horario-de-las-visitas-guiadas-al-convento-de-san-jose","status":"publish","type":"post","link":"https:\/\/www.turismocaravaca.com\/blog\/cambio-de-horario-de-las-visitas-guiadas-al-convento-de-san-jose\/","title":{"rendered":"Cambio de horario de las Visitas Guiadas al Convento de San Jos\u00e9"},"content":{"rendered":"<p style=\"text-align:justify;\">\u00a0\u00a0\u00a0\u00a0\u00a0\u00a0\u00a0\u00a0\u00a0\u00a0\u00a0\u00a0\u00a0\u00a0\u00a0\u00a0\u00a0\u00a0\u00a0 Hoy queremos recordaros, que seguimos con las visitas guiadas a la iglesia y convento de <strong>San Jos\u00e9<\/strong>, que dieron comienzo el pasado 5 de abril.<\/p>\n<p style=\"text-align:justify;\">\u00a0\u00a0\u00a0\u00a0\u00a0\u00a0\u00a0\u00a0\u00a0\u00a0\u00a0\u00a0\u00a0\u00a0\u00a0\u00a0\u00a0\u00a0\u00a0\u00a0\u00a0\u00a0 Las <strong>Visitas Guiadas a la Iglesia-Convento de San Jos\u00e9<\/strong>, cambian de horario.<\/p>\n<p style=\"text-align:justify;\">\u00a0\u00a0\u00a0\u00a0\u00a0\u00a0\u00a0\u00a0\u00a0\u00a0\u00a0\u00a0\u00a0\u00a0\u00a0\u00a0\u00a0\u00a0\u00a0\u00a0\u00a0\u00a0 Para participar en las mismas pod\u00e9is reservar plaza en la Oficina Municipal de Turismo, situada en C\/ De las Monjas o trav\u00e9s del tel\u00e9fono 968 702424, o bien, ir directamente a la puerta de la Iglesia de San Jos\u00e9 y all\u00ed asistir a estas.<a href=\"https:\/\/turismocaravaca.files.wordpress.com\/2015\/06\/cartel-visitas-san-jose-junio-nv.jpg\"><img loading=\"lazy\" decoding=\"async\" class=\"aligncenter  wp-image-3745\" src=\"https:\/\/turismocaravaca.files.wordpress.com\/2015\/06\/cartel-visitas-san-jose-junio-nv.jpg?w=529\" alt=\"Cartel Visitas San Jose Junio nv\" width=\"337\" height=\"476\" srcset=\"https:\/\/www.turismocaravaca.com\/blog\/wp-content\/uploads\/2015\/06\/cartel-visitas-san-jose-junio-nv.jpg 1238w, https:\/\/www.turismocaravaca.com\/blog\/wp-content\/uploads\/2015\/06\/cartel-visitas-san-jose-junio-nv-212x300.jpg 212w, https:\/\/www.turismocaravaca.com\/blog\/wp-content\/uploads\/2015\/06\/cartel-visitas-san-jose-junio-nv-723x1024.jpg 723w\" sizes=\"(max-width: 337px) 100vw, 337px\" \/><\/a><\/p>\n<p style=\"text-align:justify;\">Los horarios previstos de visita a los Conventos Carmelitanos son:<br \/>\n\u2022 <span style=\"text-decoration:underline;\">Convento de San Jos\u00e9 (Madres Carmelitas)<\/span><\/p>\n<p style=\"text-align:justify;\">\u00a0\u00a0\u00a0\u00a0\u00a0\u00a0\u00a0\u00a0 &#8211; La <strong>Iglesia<\/strong> de San Jos\u00e9, permanecer\u00e1 abierta de <strong>martes a domingos<\/strong>, de <strong>10:00 a 14:00 horas<\/strong>.<\/p>\n<p style=\"text-align:justify;\">\u00a0\u00a0\u00a0\u00a0\u00a0\u00a0\u00a0\u00a0 &#8211; Las <strong>visitas guiadas a la Iglesia-Convento de San Jos\u00e9<\/strong>, se har\u00e1n de <strong>martes a domingos<\/strong>, a las <strong>12:30 horas<\/strong> y los <strong>s\u00e1bados a las 12:30h<\/strong>. y a las <strong>16:30 horas.<\/strong><br \/>\n\u2022 <span style=\"text-decoration:underline;\">Iglesia de Ntra. Sra. del Carmen (Padres Carmelitas)<\/span><\/p>\n<p style=\"text-align:justify;\">\u00a0\u00a0\u00a0\u00a0\u00a0\u00a0\u00a0 &#8211; Abierta <strong>todos los d\u00edas<\/strong> de <strong>10:30 a 14:00 horas<\/strong>, se podr\u00e1 visitar la Iglesia y la Capilla de Santa Teresa.<\/p>\n<p style=\"text-align:justify;\">\u00a0\u00a0\u00a0\u00a0\u00a0\u00a0\u00a0\u00a0\u00a0\u00a0\u00a0\u00a0\u00a0\u00a0\u00a0\u00a0\u00a0\u00a0\u00a0 Caravaca de la Cruz es una de las 17 ciudades espa\u00f1olas integradas en el proyecto tur\u00edstico y cultural<strong> \u201cHuellas de Teresa\u201d,<\/strong> por lo que, durante este A\u00f1o Jubilar Teresiano, tendremos diversas y variadas actividades en conmemoraci\u00f3n al V Centenario del Nacimiento Santa Teresa de Jes\u00fas.<\/p>\n","protected":false},"excerpt":{"rendered":"<p>\u00a0\u00a0\u00a0\u00a0\u00a0\u00a0\u00a0\u00a0\u00a0\u00a0\u00a0\u00a0\u00a0\u00a0\u00a0\u00a0\u00a0\u00a0\u00a0 Hoy queremos recordaros, que seguimos con las visitas guiadas a la iglesia y convento de San Jos\u00e9, que dieron comienzo el pasado 5 de abril. \u00a0\u00a0\u00a0\u00a0\u00a0\u00a0\u00a0\u00a0\u00a0\u00a0\u00a0\u00a0\u00a0\u00a0\u00a0\u00a0\u00a0\u00a0\u00a0\u00a0\u00a0\u00a0 Las Visitas Guiadas a la Iglesia-Convento de San Jos\u00e9, cambian de horario. \u00a0\u00a0\u00a0\u00a0\u00a0\u00a0\u00a0\u00a0\u00a0\u00a0\u00a0\u00a0\u00a0\u00a0\u00a0\u00a0\u00a0\u00a0\u00a0\u00a0\u00a0\u00a0 Para participar en las mismas pod\u00e9is reservar plaza en la Oficina Municipal de Turismo, situada [&hellip;]<\/p>\n","protected":false},"author":2,"featured_media":0,"comment_status":"open","ping_status":"open","sticky":false,"template":"","format":"standard","meta":{"footnotes":""},"categories":[3,2,2126,14,20,21,22,34],"tags":[85,356,364,574,575,578,1071,1078,1098,1100,1132,1270,1502,1933,2079],"class_list":["post-3741","post","type-post","status-publish","format-standard","hentry","category-actividades","category-ano-jubilar","category-espanol","category-eventos","category-horarios-2","category-iglesias","category-lugares-de-interes","category-uncategorized","tag-ano-jubliar-teresiano-caravaca","tag-caravaca","tag-caravaca-de-la-cruz","tag-convento-de-san-jose","tag-convento-de-san-jose-caravaca","tag-conventos-carmelitanos","tag-horarios-caravaca-2015","tag-huellas-de-teresa","tag-iglesia-de-ntra-sra-del-carmen-caravaca","tag-iglesia-de-san-jose","tag-isglesia-de-san-jose","tag-madres-carmelitas","tag-padres-carmelitas","tag-teresa-de-jesus-en-caravaca","tag-visitas-guiadas-san-jose-caravaca"],"_links":{"self":[{"href":"https:\/\/www.turismocaravaca.com\/blog\/wp-json\/wp\/v2\/posts\/3741"}],"collection":[{"href":"https:\/\/www.turismocaravaca.com\/blog\/wp-json\/wp\/v2\/posts"}],"about":[{"href":"https:\/\/www.turismocaravaca.com\/blog\/wp-json\/wp\/v2\/types\/post"}],"author":[{"embeddable":true,"href":"https:\/\/www.turismocaravaca.com\/blog\/wp-json\/wp\/v2\/users\/2"}],"replies":[{"embeddable":true,"href":"https:\/\/www.turismocaravaca.com\/blog\/wp-json\/wp\/v2\/comments?post=3741"}],"version-history":[{"count":1,"href":"https:\/\/www.turismocaravaca.com\/blog\/wp-json\/wp\/v2\/posts\/3741\/revisions"}],"predecessor-version":[{"id":6496,"href":"https:\/\/www.turismocaravaca.com\/blog\/wp-json\/wp\/v2\/posts\/3741\/revisions\/6496"}],"wp:attachment":[{"href":"https:\/\/www.turismocaravaca.com\/blog\/wp-json\/wp\/v2\/media?parent=3741"}],"wp:term":[{"taxonomy":"category","embeddable":true,"href":"https:\/\/www.turismocaravaca.com\/blog\/wp-json\/wp\/v2\/categories?post=3741"},{"taxonomy":"post_tag","embeddable":true,"href":"https:\/\/www.turismocaravaca.com\/blog\/wp-json\/wp\/v2\/tags?post=3741"}],"curies":[{"name":"wp","href":"https:\/\/api.w.org\/{rel}","templated":true}]}}