{"id":3818,"date":"2015-07-16T11:46:11","date_gmt":"2015-07-16T11:46:11","guid":{"rendered":"https:\/\/turismocaravaca.wordpress.com\/?p=3818"},"modified":"2017-09-04T16:44:55","modified_gmt":"2017-09-04T16:44:55","slug":"xxxv-semana-de-teatro-de-caravaca-de-la-cruz","status":"publish","type":"post","link":"https:\/\/www.turismocaravaca.com\/blog\/xxxv-semana-de-teatro-de-caravaca-de-la-cruz\/","title":{"rendered":"XXXV Semana de Teatro de Caravaca de la Cruz"},"content":{"rendered":"<p style=\"text-align:justify;\">\u00a0\u00a0\u00a0\u00a0\u00a0\u00a0\u00a0\u00a0\u00a0\u00a0\u00a0\u00a0\u00a0\u00a0\u00a0\u00a0\u00a0\u00a0\u00a0\u00a0\u00a0\u00a0 As\u00ed es, un verano m\u00e1s llega el Teatro hasta nuestra localidad, y en esta, su XXXV Edici\u00f3n, contaremos con cinco comedias y adaptaciones cl\u00e1sicas y dos representaciones infantiles.<\/p>\n<p style=\"text-align:justify;\">\u00a0\u00a0\u00a0\u00a0\u00a0\u00a0\u00a0\u00a0\u00a0\u00a0\u00a0\u00a0\u00a0\u00a0\u00a0\u00a0\u00a0\u00a0\u00a0\u00a0 A partir del pr\u00f3ximo<strong> lunes 20 de julio<\/strong>, y hasta el <strong>domingo 26 de julio<\/strong> se celebra en Caravaca de la Cruz, en el <strong>Teatro Thuillier<\/strong>, la <strong>XXXV Semana de Teatro.<\/strong><\/p>\n<p style=\"text-align:justify;\"><span style=\"text-decoration:underline;\"><strong>Toma buena nota:<\/strong><\/span><\/p>\n<p style=\"text-align:justify;\"><a href=\"https:\/\/turismocaravaca.files.wordpress.com\/2015\/07\/semana-de-teatro-2015.jpg\"><img loading=\"lazy\" decoding=\"async\" class=\"aligncenter  wp-image-3819\" src=\"https:\/\/turismocaravaca.files.wordpress.com\/2015\/07\/semana-de-teatro-2015.jpg\" alt=\"MUPI ABRIL 2015\" width=\"508\" height=\"191\" \/><\/a><br \/>\nLas distintas representaciones tendr\u00e1n lugar en el Teatro Thuillier <strong>a las 22:30 ho<\/strong><a href=\"https:\/\/turismocaravaca.files.wordpress.com\/2015\/07\/semanadeteatrocaravacadelacruz2015.jpg\"><img loading=\"lazy\" decoding=\"async\" class=\"alignleft  wp-image-3821\" src=\"https:\/\/turismocaravaca.files.wordpress.com\/2015\/07\/semanadeteatrocaravacadelacruz2015.jpg?w=529\" alt=\"SEMANADETEATROCARAVACADELACRUZ2015\" width=\"242\" height=\"331\" srcset=\"https:\/\/www.turismocaravaca.com\/blog\/wp-content\/uploads\/2015\/07\/semanadeteatrocaravacadelacruz2015.jpg 2728w, https:\/\/www.turismocaravaca.com\/blog\/wp-content\/uploads\/2015\/07\/semanadeteatrocaravacadelacruz2015-219x300.jpg 219w, https:\/\/www.turismocaravaca.com\/blog\/wp-content\/uploads\/2015\/07\/semanadeteatrocaravacadelacruz2015-746x1024.jpg 746w\" sizes=\"(max-width: 242px) 100vw, 242px\" \/><\/a><strong>ras<\/strong>. Las <strong>obras infantile<\/strong>s, programadas para el s\u00e1bado y el domingo, tendr\u00e1n lugar a las <strong>21:00 horas<\/strong>.<\/p>\n<p style=\"text-align:justify;\">\u00a0\u00a0\u00a0\u00a0\u00a0\u00a0\u00a0\u00a0\u00a0\u00a0\u00a0\u00a0\u00a0\u00a0\u00a0\u00a0\u00a0\u00a0\u00a0\u00a0 Y recuerda que, si deseas adquirir tu entrada anticipadamente, ya lo puedes hacer en Nueva Joyer\u00eda, en C\/ Mayor de Caravaca de la Cruz o bien el d\u00eda de las obras en la taquilla del Teatro.<\/p>\n<p style=\"text-align:justify;\">\u00a0\u00a0\u00a0\u00a0\u00a0\u00a0\u00a0\u00a0\u00a0\u00a0\u00a0\u00a0\u00a0\u00a0\u00a0\u00a0\u00a0 Ya tienes toda la informaci\u00f3n, solo nos queda por deciros \u00a1\u00a1\u00a1No falt\u00e9is!!!<\/p>\n","protected":false},"excerpt":{"rendered":"<p>\u00a0\u00a0\u00a0\u00a0\u00a0\u00a0\u00a0\u00a0\u00a0\u00a0\u00a0\u00a0\u00a0\u00a0\u00a0\u00a0\u00a0\u00a0\u00a0\u00a0\u00a0\u00a0 As\u00ed es, un verano m\u00e1s llega el Teatro hasta nuestra localidad, y en esta, su XXXV Edici\u00f3n, contaremos con cinco comedias y adaptaciones cl\u00e1sicas y dos representaciones infantiles. \u00a0\u00a0\u00a0\u00a0\u00a0\u00a0\u00a0\u00a0\u00a0\u00a0\u00a0\u00a0\u00a0\u00a0\u00a0\u00a0\u00a0\u00a0\u00a0\u00a0 A partir del pr\u00f3ximo lunes 20 de julio, y hasta el domingo 26 de julio se celebra en Caravaca de la Cruz, en el Teatro [&hellip;]<\/p>\n","protected":false},"author":2,"featured_media":0,"comment_status":"open","ping_status":"open","sticky":false,"template":"","format":"standard","meta":{"footnotes":""},"categories":[3,7,2126,14,20,34],"tags":[291,295,356,364,1834,1903,1909,1912,1918,2097],"class_list":["post-3818","post","type-post","status-publish","format-standard","hentry","category-actividades","category-bienvenida","category-espanol","category-eventos","category-horarios-2","category-uncategorized","tag-blog-de-turismo","tag-blog-turismocaravaca","tag-caravaca","tag-caravaca-de-la-cruz","tag-semana-de-teatro-caravaca","tag-teatro-caravaca","tag-teatro-infantil-caravaca","tag-teatro-julio","tag-teatro-thuillier","tag-xxxv-semana-de-teatro"],"_links":{"self":[{"href":"https:\/\/www.turismocaravaca.com\/blog\/wp-json\/wp\/v2\/posts\/3818"}],"collection":[{"href":"https:\/\/www.turismocaravaca.com\/blog\/wp-json\/wp\/v2\/posts"}],"about":[{"href":"https:\/\/www.turismocaravaca.com\/blog\/wp-json\/wp\/v2\/types\/post"}],"author":[{"embeddable":true,"href":"https:\/\/www.turismocaravaca.com\/blog\/wp-json\/wp\/v2\/users\/2"}],"replies":[{"embeddable":true,"href":"https:\/\/www.turismocaravaca.com\/blog\/wp-json\/wp\/v2\/comments?post=3818"}],"version-history":[{"count":1,"href":"https:\/\/www.turismocaravaca.com\/blog\/wp-json\/wp\/v2\/posts\/3818\/revisions"}],"predecessor-version":[{"id":6485,"href":"https:\/\/www.turismocaravaca.com\/blog\/wp-json\/wp\/v2\/posts\/3818\/revisions\/6485"}],"wp:attachment":[{"href":"https:\/\/www.turismocaravaca.com\/blog\/wp-json\/wp\/v2\/media?parent=3818"}],"wp:term":[{"taxonomy":"category","embeddable":true,"href":"https:\/\/www.turismocaravaca.com\/blog\/wp-json\/wp\/v2\/categories?post=3818"},{"taxonomy":"post_tag","embeddable":true,"href":"https:\/\/www.turismocaravaca.com\/blog\/wp-json\/wp\/v2\/tags?post=3818"}],"curies":[{"name":"wp","href":"https:\/\/api.w.org\/{rel}","templated":true}]}}