{"id":3823,"date":"2015-07-21T07:17:37","date_gmt":"2015-07-21T07:17:37","guid":{"rendered":"https:\/\/turismocaravaca.wordpress.com\/?p=3823"},"modified":"2017-09-04T16:44:55","modified_gmt":"2017-09-04T16:44:55","slug":"teatro-y-cine-de-verano-en-caravaca-de-la-cruz","status":"publish","type":"post","link":"https:\/\/www.turismocaravaca.com\/blog\/teatro-y-cine-de-verano-en-caravaca-de-la-cruz\/","title":{"rendered":"Teatro y Cine de Verano en Caravaca de la Cruz"},"content":{"rendered":"<p style=\"text-align:justify;\">Dentro de las actividades culturales que celebramos en estos d\u00edas estivales en Caravaca de la Cruz, te invitamos a que disfrutes de la <strong>XXXV Semana de Teatro<\/strong> y del <strong>Cine de Verano<\/strong>, con una programaci\u00f3n variada y para todos los gustos, en la que tanto grandes como peque\u00f1os podr\u00e1n entretenerse con una buena obra o con una distra\u00edda pel\u00edcula.<br \/>\nEn lo que nos queda de semana, pues anoche dio comienzo, diversas Compa\u00f1\u00edas pondr\u00e1n en escena las siguientes representaciones en el <strong>Teatro Thuillier<\/strong> de nuestra ciudad:<\/p>\n<p style=\"text-align:justify;\"><a href=\"https:\/\/turismocaravaca.files.wordpress.com\/2015\/07\/xxxv-semana-de-teatro.jpg\"><img loading=\"lazy\" decoding=\"async\" class=\"aligncenter size-large wp-image-3825\" src=\"https:\/\/turismocaravaca.files.wordpress.com\/2015\/07\/xxxv-semana-de-teatro.jpg?w=660\" alt=\"XXXV Semana de Teatro\" width=\"660\" height=\"467\" srcset=\"https:\/\/www.turismocaravaca.com\/blog\/wp-content\/uploads\/2015\/07\/xxxv-semana-de-teatro.jpg 840w, https:\/\/www.turismocaravaca.com\/blog\/wp-content\/uploads\/2015\/07\/xxxv-semana-de-teatro-300x212.jpg 300w\" sizes=\"(max-width: 660px) 100vw, 660px\" \/><\/a>Recuerda que puedes adquirir tus entradas con antelaci\u00f3n en Nueva Joyer\u00eda, o bien en la propia taquilla del Teatro.<\/p>\n<p style=\"text-align:justify;\">Y en el d\u00eda de hoy da comienzo el ciclo de Cine de Verano al aire libre en el patio del Colegio P\u00fablico Basilio S\u00e1ez, con una pantalla de grandes dimensiones y servicio de cantina, que nos acompa\u00f1ar\u00e1 durante lo que resta de julio y el mes agosto.<br \/>\nHoy te avanzamos las pel\u00edculas que podr\u00e1s ver en estos pr\u00f3ximos d\u00edas. El precio de la entrada es de cuatro euros, los ni\u00f1os menores de 10 a\u00f1os recibir\u00e1n un cartucho de palomitas gratis, y todas se proyectar\u00e1n a partir de las 22:00h.<\/p>\n<ul>\n<li style=\"text-align:justify;\"><strong>\u00abJurassic World\u00bb<\/strong>: martes 21, mi\u00e9rcoles 22 y jueves 23 de Julio.<\/li>\n<li style=\"text-align:justify;\"><strong>\u00abLos Minions\u00bb<\/strong>: lunes 27, martes, 28 y mi\u00e9rcoles 29 de Julio.<\/li>\n<li style=\"text-align:justify;\"><strong>\u00abAhora o nunca\u00bb<\/strong>: jueves 30 y viernes 31 de Julio.<\/li>\n<\/ul>\n<div id='gallery-1' class='gallery galleryid-3823 gallery-columns-3 gallery-size-medium'><figure class='gallery-item'>\n\t\t\t<div class='gallery-icon portrait'>\n\t\t\t\t<a href='https:\/\/www.turismocaravaca.com\/blog\/teatro-y-cine-de-verano-en-caravaca-de-la-cruz\/jurasicworld-2\/'><img loading=\"lazy\" decoding=\"async\" width=\"212\" height=\"300\" src=\"https:\/\/www.turismocaravaca.com\/blog\/wp-content\/uploads\/2015\/07\/jurasicworld1-212x300.jpg\" class=\"attachment-medium size-medium\" alt=\"\" aria-describedby=\"gallery-1-3830\" srcset=\"https:\/\/www.turismocaravaca.com\/blog\/wp-content\/uploads\/2015\/07\/jurasicworld1-212x300.jpg 212w, https:\/\/www.turismocaravaca.com\/blog\/wp-content\/uploads\/2015\/07\/jurasicworld1.jpg 420w\" sizes=\"(max-width: 212px) 100vw, 212px\" \/><\/a>\n\t\t\t<\/div>\n\t\t\t\t<figcaption class='wp-caption-text gallery-caption' id='gallery-1-3830'>\n\t\t\t\tJurassic World\n\t\t\t\t<\/figcaption><\/figure><figure class='gallery-item'>\n\t\t\t<div class='gallery-icon portrait'>\n\t\t\t\t<a href='https:\/\/www.turismocaravaca.com\/blog\/teatro-y-cine-de-verano-en-caravaca-de-la-cruz\/minions\/'><img loading=\"lazy\" decoding=\"async\" width=\"189\" height=\"300\" src=\"https:\/\/www.turismocaravaca.com\/blog\/wp-content\/uploads\/2015\/07\/minions-189x300.jpg\" class=\"attachment-medium size-medium\" alt=\"\" aria-describedby=\"gallery-1-3831\" srcset=\"https:\/\/www.turismocaravaca.com\/blog\/wp-content\/uploads\/2015\/07\/minions-189x300.jpg 189w, https:\/\/www.turismocaravaca.com\/blog\/wp-content\/uploads\/2015\/07\/minions-646x1024.jpg 646w, https:\/\/www.turismocaravaca.com\/blog\/wp-content\/uploads\/2015\/07\/minions.jpg 947w\" sizes=\"(max-width: 189px) 100vw, 189px\" \/><\/a>\n\t\t\t<\/div>\n\t\t\t\t<figcaption class='wp-caption-text gallery-caption' id='gallery-1-3831'>\n\t\t\t\tLos Minions\n\t\t\t\t<\/figcaption><\/figure><figure class='gallery-item'>\n\t\t\t<div class='gallery-icon portrait'>\n\t\t\t\t<a href='https:\/\/www.turismocaravaca.com\/blog\/teatro-y-cine-de-verano-en-caravaca-de-la-cruz\/ahoraonunca-2\/'><img loading=\"lazy\" decoding=\"async\" width=\"188\" height=\"268\" src=\"https:\/\/www.turismocaravaca.com\/blog\/wp-content\/uploads\/2015\/07\/ahoraonunca1.jpg\" class=\"attachment-medium size-medium\" alt=\"\" aria-describedby=\"gallery-1-3829\" \/><\/a>\n\t\t\t<\/div>\n\t\t\t\t<figcaption class='wp-caption-text gallery-caption' id='gallery-1-3829'>\n\t\t\t\tAhora o nunca\n\t\t\t\t<\/figcaption><\/figure>\n\t\t<\/div>\n\n","protected":false},"excerpt":{"rendered":"<p>Dentro de las actividades culturales que celebramos en estos d\u00edas estivales en Caravaca de la Cruz, te invitamos a que disfrutes de la XXXV Semana de Teatro y del Cine de Verano, con una programaci\u00f3n variada y para todos los gustos, en la que tanto grandes como peque\u00f1os podr\u00e1n entretenerse con una buena obra o [&hellip;]<\/p>\n","protected":false},"author":2,"featured_media":0,"comment_status":"open","ping_status":"open","sticky":false,"template":"","format":"standard","meta":{"footnotes":""},"categories":[2126,34],"tags":[],"class_list":["post-3823","post","type-post","status-publish","format-standard","hentry","category-espanol","category-uncategorized"],"_links":{"self":[{"href":"https:\/\/www.turismocaravaca.com\/blog\/wp-json\/wp\/v2\/posts\/3823"}],"collection":[{"href":"https:\/\/www.turismocaravaca.com\/blog\/wp-json\/wp\/v2\/posts"}],"about":[{"href":"https:\/\/www.turismocaravaca.com\/blog\/wp-json\/wp\/v2\/types\/post"}],"author":[{"embeddable":true,"href":"https:\/\/www.turismocaravaca.com\/blog\/wp-json\/wp\/v2\/users\/2"}],"replies":[{"embeddable":true,"href":"https:\/\/www.turismocaravaca.com\/blog\/wp-json\/wp\/v2\/comments?post=3823"}],"version-history":[{"count":1,"href":"https:\/\/www.turismocaravaca.com\/blog\/wp-json\/wp\/v2\/posts\/3823\/revisions"}],"predecessor-version":[{"id":6484,"href":"https:\/\/www.turismocaravaca.com\/blog\/wp-json\/wp\/v2\/posts\/3823\/revisions\/6484"}],"wp:attachment":[{"href":"https:\/\/www.turismocaravaca.com\/blog\/wp-json\/wp\/v2\/media?parent=3823"}],"wp:term":[{"taxonomy":"category","embeddable":true,"href":"https:\/\/www.turismocaravaca.com\/blog\/wp-json\/wp\/v2\/categories?post=3823"},{"taxonomy":"post_tag","embeddable":true,"href":"https:\/\/www.turismocaravaca.com\/blog\/wp-json\/wp\/v2\/tags?post=3823"}],"curies":[{"name":"wp","href":"https:\/\/api.w.org\/{rel}","templated":true}]}}