{"id":3834,"date":"2015-07-23T07:04:11","date_gmt":"2015-07-23T07:04:11","guid":{"rendered":"https:\/\/turismocaravaca.wordpress.com\/?p=3834"},"modified":"2017-09-04T16:44:55","modified_gmt":"2017-09-04T16:44:55","slug":"i-caravaca-fest","status":"publish","type":"post","link":"https:\/\/www.turismocaravaca.com\/blog\/i-caravaca-fest\/","title":{"rendered":"I Caravaca Fest"},"content":{"rendered":"<p style=\"text-align:justify;\">Este pr\u00f3ximo s\u00e1bado 25 de julio, en Caravaca de la Cruz estamos de celebraci\u00f3n, festejamos a Santa Marta con el <strong>\u00bbI Caravaca Fest\u00bb. <\/strong>Gastronom\u00eda, m\u00fasica en directo, sorteo de regalos y diversas actividades de animaci\u00f3n en la Gran V\u00eda.<\/p>\n<p style=\"text-align:justify;\">Con motivo de la festividad de la patrona de los hosteleros, la Asociaci\u00f3n de Comerciantes y Hosteleros de Caravaca (ACHC), con el apoyo del Ayuntamiento de la ciudad, a trav\u00e9s de sus Concejal\u00edas de Comercio y Artesan\u00eda, han organizado este evento, en el que se preparar\u00e1 un buen surtido de tapas acompa\u00f1adas de cerveza que el p\u00fablico asistente podr\u00e1 degustar al precio de 2 euros. Adem\u00e1s, locales de copas ofertar\u00e1n diversos c\u00f3cteles.<\/p>\n<p style=\"text-align:justify;\">Habr\u00e1 actuaciones de m\u00fasica en directo y sesiones a cargo de Dj\u00b4s: los grupos que actuar\u00e1n ser\u00e1n <strong>Moy Gomar, Black Tulip House Live&amp;Saz y Nagha,<\/strong> a las 15.30, 18.30 y 22.00 horas, respectivamente, y estaremos la mar de fresquitos, porque en la zona acotada para el festival se instalar\u00e1n diversos aspersores de agua para crear un ambiente agradable y que las temperaturas de este verano sean m\u00e1s llevaderas.<\/p>\n<p style=\"text-align:center;\">\u00a1\u00a1 An\u00edmate, ven y participa en el \u201cI Caravaca Fest\u201d!!<\/p>\n<p><a href=\"https:\/\/turismocaravaca.files.wordpress.com\/2015\/07\/caravacafestbaja.jpg\"><img loading=\"lazy\" decoding=\"async\" class=\"aligncenter size-large wp-image-3835\" src=\"https:\/\/turismocaravaca.files.wordpress.com\/2015\/07\/caravacafestbaja.jpg?w=660\" alt=\"CARAVACAFEST\" width=\"660\" height=\"924\" srcset=\"https:\/\/www.turismocaravaca.com\/blog\/wp-content\/uploads\/2015\/07\/caravacafestbaja.jpg 1417w, https:\/\/www.turismocaravaca.com\/blog\/wp-content\/uploads\/2015\/07\/caravacafestbaja-214x300.jpg 214w, https:\/\/www.turismocaravaca.com\/blog\/wp-content\/uploads\/2015\/07\/caravacafestbaja-731x1024.jpg 731w\" sizes=\"(max-width: 660px) 100vw, 660px\" \/><\/a><\/p>\n","protected":false},"excerpt":{"rendered":"<p>Este pr\u00f3ximo s\u00e1bado 25 de julio, en Caravaca de la Cruz estamos de celebraci\u00f3n, festejamos a Santa Marta con el \u00bbI Caravaca Fest\u00bb. Gastronom\u00eda, m\u00fasica en directo, sorteo de regalos y diversas actividades de animaci\u00f3n en la Gran V\u00eda. Con motivo de la festividad de la patrona de los hosteleros, la Asociaci\u00f3n de Comerciantes y [&hellip;]<\/p>\n","protected":false},"author":2,"featured_media":0,"comment_status":"open","ping_status":"open","sticky":false,"template":"","format":"standard","meta":{"footnotes":""},"categories":[2126,34],"tags":[],"class_list":["post-3834","post","type-post","status-publish","format-standard","hentry","category-espanol","category-uncategorized"],"_links":{"self":[{"href":"https:\/\/www.turismocaravaca.com\/blog\/wp-json\/wp\/v2\/posts\/3834"}],"collection":[{"href":"https:\/\/www.turismocaravaca.com\/blog\/wp-json\/wp\/v2\/posts"}],"about":[{"href":"https:\/\/www.turismocaravaca.com\/blog\/wp-json\/wp\/v2\/types\/post"}],"author":[{"embeddable":true,"href":"https:\/\/www.turismocaravaca.com\/blog\/wp-json\/wp\/v2\/users\/2"}],"replies":[{"embeddable":true,"href":"https:\/\/www.turismocaravaca.com\/blog\/wp-json\/wp\/v2\/comments?post=3834"}],"version-history":[{"count":1,"href":"https:\/\/www.turismocaravaca.com\/blog\/wp-json\/wp\/v2\/posts\/3834\/revisions"}],"predecessor-version":[{"id":6483,"href":"https:\/\/www.turismocaravaca.com\/blog\/wp-json\/wp\/v2\/posts\/3834\/revisions\/6483"}],"wp:attachment":[{"href":"https:\/\/www.turismocaravaca.com\/blog\/wp-json\/wp\/v2\/media?parent=3834"}],"wp:term":[{"taxonomy":"category","embeddable":true,"href":"https:\/\/www.turismocaravaca.com\/blog\/wp-json\/wp\/v2\/categories?post=3834"},{"taxonomy":"post_tag","embeddable":true,"href":"https:\/\/www.turismocaravaca.com\/blog\/wp-json\/wp\/v2\/tags?post=3834"}],"curies":[{"name":"wp","href":"https:\/\/api.w.org\/{rel}","templated":true}]}}