{"id":3849,"date":"2015-08-04T11:00:04","date_gmt":"2015-08-04T11:00:04","guid":{"rendered":"https:\/\/turismocaravaca.wordpress.com\/?p=3849"},"modified":"2017-09-04T16:44:54","modified_gmt":"2017-09-04T16:44:54","slug":"nuevo-horario-para-el-centro-de-interpretacion-de-la-naturaleza-de-las-fuentes-del-marques","status":"publish","type":"post","link":"https:\/\/www.turismocaravaca.com\/blog\/nuevo-horario-para-el-centro-de-interpretacion-de-la-naturaleza-de-las-fuentes-del-marques\/","title":{"rendered":"Nuevo horario para el Centro de Interpretaci\u00f3n de la Naturaleza de Las Fuentes del Marqu\u00e9s"},"content":{"rendered":"<p style=\"text-align:justify;\">\u00a0\u00a0\u00a0\u00a0\u00a0\u00a0\u00a0\u00a0\u00a0\u00a0\u00a0\u00a0\u00a0 A partir de hoy martes 4 y hasta el pr\u00f3ximo 30 de septiembre, el <strong>Centro de Interpretaci\u00f3n de la Naturaleza<\/strong>, situado en Las Fuentes del Marqu\u00e9s, abrir\u00e1 sus puertas diariamente.<\/p>\n<p style=\"text-align:justify;\">\u00a0\u00a0\u00a0\u00a0\u00a0\u00a0\u00a0\u00a0\u00a0\u00a0\u00a0\u00a0\u00a0\u00a0\u00a0 Hasta la fecha, el Centro de Inter<a href=\"https:\/\/turismocaravaca.files.wordpress.com\/2015\/08\/centrointerpretacionnaturaleza03-1.jpg\"><img loading=\"lazy\" decoding=\"async\" class=\"alignright  wp-image-3850\" src=\"https:\/\/turismocaravaca.files.wordpress.com\/2015\/08\/centrointerpretacionnaturaleza03-1.jpg?w=529\" alt=\"CentroInterpretacionNaturaleza03-1\" width=\"308\" height=\"207\" \/><\/a>pretaci\u00f3n de la Naturaleza (CIN), integrado en la red de museos de Caravaca de la Cruz, se pod\u00eda acceder previa visita concertada y ahora estar\u00e1 atendido <strong>diariamente<\/strong>, con el fin de que pueda ser disfrutado por las muchas personas que se desplazan a este paraje tan emblem\u00e1tico de nuestro municipio y de nuestra Regi\u00f3n.<\/p>\n<p style=\"text-align:justify;\">\u00a0\u00a0\u00a0\u00a0\u00a0\u00a0\u00a0\u00a0\u00a0\u00a0\u00a0 El CIN permanecer\u00e1 abierto al p\u00fablico <strong>de martes a s\u00e1bado, de 11:00 a 13:30h. y de 19:00 a 21:00 horas, y los domingos de 11:00 a 13:30 horas<\/strong>. El precio de la entrada ser\u00e1 de <strong>2 euros para adultos<\/strong> y <strong>1 euro para ni\u00f1os y pensionistas.<\/strong><\/p>\n<p style=\"text-align:justify;\">\u00a0\u00a0\u00a0\u00a0\u00a0 Por otra parte, hasta el 30 de septiembre el <strong>Museo Carrilero<\/strong> ser\u00e1 visitable <strong>previa visita concertada<\/strong> en el tel\u00e9fono 968 705620.<\/p>\n<p style=\"text-align:justify;\">\u00a0\u00a0\u00a0\u00a0\u00a0\u00a0\u00a0\u00a0 El Centro de Interpretaci\u00f3n de la Naturaleza est\u00e1 situado en el edificio conocido como Torre\u00f3n de Los Templarios. Muestra al visitante la riqueza natural de las m\u00e1s de 200.000 hect\u00e1reas que conforman la comarca del Noroeste. <a href=\"https:\/\/turismocaravaca.files.wordpress.com\/2015\/08\/copia-de-psj-ftmq042.jpg\"><img loading=\"lazy\" decoding=\"async\" class=\"aligncenter  wp-image-3851\" src=\"https:\/\/turismocaravaca.files.wordpress.com\/2015\/08\/copia-de-psj-ftmq042.jpg?w=529\" alt=\"Copia de PSJ-FTMQ042\" width=\"303\" height=\"221\" srcset=\"https:\/\/www.turismocaravaca.com\/blog\/wp-content\/uploads\/2015\/08\/copia-de-psj-ftmq042.jpg 2466w, https:\/\/www.turismocaravaca.com\/blog\/wp-content\/uploads\/2015\/08\/copia-de-psj-ftmq042-300x218.jpg 300w, https:\/\/www.turismocaravaca.com\/blog\/wp-content\/uploads\/2015\/08\/copia-de-psj-ftmq042-1024x744.jpg 1024w\" sizes=\"(max-width: 303px) 100vw, 303px\" \/><\/a><\/p>\n","protected":false},"excerpt":{"rendered":"<p>\u00a0\u00a0\u00a0\u00a0\u00a0\u00a0\u00a0\u00a0\u00a0\u00a0\u00a0\u00a0\u00a0 A partir de hoy martes 4 y hasta el pr\u00f3ximo 30 de septiembre, el Centro de Interpretaci\u00f3n de la Naturaleza, situado en Las Fuentes del Marqu\u00e9s, abrir\u00e1 sus puertas diariamente. \u00a0\u00a0\u00a0\u00a0\u00a0\u00a0\u00a0\u00a0\u00a0\u00a0\u00a0\u00a0\u00a0\u00a0\u00a0 Hasta la fecha, el Centro de Interpretaci\u00f3n de la Naturaleza (CIN), integrado en la red de museos de Caravaca de la Cruz, se [&hellip;]<\/p>\n","protected":false},"author":2,"featured_media":0,"comment_status":"open","ping_status":"open","sticky":false,"template":"","format":"standard","meta":{"footnotes":""},"categories":[3,2126,16,20,22,26,34],"tags":[292,334,356,364,454,474,1016,1017,1404,1420,1443,1520,1921,1955,1956,1983],"class_list":["post-3849","post","type-post","status-publish","format-standard","hentry","category-actividades","category-espanol","category-exposiones","category-horarios-2","category-lugares-de-interes","category-naturaleza-2","category-uncategorized","tag-blog-de-turismo-caravaca","tag-cambio-de-horario-museos-caravaca","tag-caravaca","tag-caravaca-de-la-cruz","tag-centro-de-interpretacion-de-la-naturaleza","tag-cin","tag-fuentes-caravaca","tag-fuentes-del-marques","tag-museo-carrilero","tag-museos-caravaca","tag-naturaleza-caravaca","tag-paraje-natural-caravaca","tag-templarios","tag-torreon-caravaca","tag-torreon-de-los-templarios","tag-turismo-caravaca"],"_links":{"self":[{"href":"https:\/\/www.turismocaravaca.com\/blog\/wp-json\/wp\/v2\/posts\/3849"}],"collection":[{"href":"https:\/\/www.turismocaravaca.com\/blog\/wp-json\/wp\/v2\/posts"}],"about":[{"href":"https:\/\/www.turismocaravaca.com\/blog\/wp-json\/wp\/v2\/types\/post"}],"author":[{"embeddable":true,"href":"https:\/\/www.turismocaravaca.com\/blog\/wp-json\/wp\/v2\/users\/2"}],"replies":[{"embeddable":true,"href":"https:\/\/www.turismocaravaca.com\/blog\/wp-json\/wp\/v2\/comments?post=3849"}],"version-history":[{"count":1,"href":"https:\/\/www.turismocaravaca.com\/blog\/wp-json\/wp\/v2\/posts\/3849\/revisions"}],"predecessor-version":[{"id":6480,"href":"https:\/\/www.turismocaravaca.com\/blog\/wp-json\/wp\/v2\/posts\/3849\/revisions\/6480"}],"wp:attachment":[{"href":"https:\/\/www.turismocaravaca.com\/blog\/wp-json\/wp\/v2\/media?parent=3849"}],"wp:term":[{"taxonomy":"category","embeddable":true,"href":"https:\/\/www.turismocaravaca.com\/blog\/wp-json\/wp\/v2\/categories?post=3849"},{"taxonomy":"post_tag","embeddable":true,"href":"https:\/\/www.turismocaravaca.com\/blog\/wp-json\/wp\/v2\/tags?post=3849"}],"curies":[{"name":"wp","href":"https:\/\/api.w.org\/{rel}","templated":true}]}}