{"id":3870,"date":"2015-08-18T07:37:44","date_gmt":"2015-08-18T07:37:44","guid":{"rendered":"https:\/\/turismocaravaca.wordpress.com\/?p=3870"},"modified":"2017-09-04T16:44:54","modified_gmt":"2017-09-04T16:44:54","slug":"conoces-ya-el-museo-de-los-caballos-del-vino","status":"publish","type":"post","link":"https:\/\/www.turismocaravaca.com\/blog\/conoces-ya-el-museo-de-los-caballos-del-vino\/","title":{"rendered":"\u00bfConoces ya el Museo de los Caballos del Vino?"},"content":{"rendered":"<p style=\"text-align:justify;\">Desde hace unos d\u00edas tenemos constancia, a trav\u00e9s de la redes sociales, que Los Caballos del Vino se han clasificado para la fase final por comunidades aut\u00f3nomas en el concurso de<strong><em> Antena 3 TV<\/em><\/strong> sobre \u202a<span style=\"color:#0000ff;\">#\u200eLaMejorFiestaDeEspa\u00f1a<\/span>\u202c, es por ello por lo que hoy quiero hablarte del Museo que alberga este Festejo, ins\u00f3lito y pasional.<\/p>\n<p style=\"text-align:justify;\"><a href=\"https:\/\/turismocaravaca.files.wordpress.com\/2015\/08\/logo-casa-museo-caballos-del-vino.jpg\"><img loading=\"lazy\" decoding=\"async\" class=\"alignleft  wp-image-3871\" src=\"https:\/\/turismocaravaca.files.wordpress.com\/2015\/08\/logo-casa-museo-caballos-del-vino.jpg?w=150\" alt=\"Logo Casa Museo Caballos del Vino\" width=\"174\" height=\"166\" srcset=\"https:\/\/www.turismocaravaca.com\/blog\/wp-content\/uploads\/2015\/08\/logo-casa-museo-caballos-del-vino.jpg 640w, https:\/\/www.turismocaravaca.com\/blog\/wp-content\/uploads\/2015\/08\/logo-casa-museo-caballos-del-vino-300x287.jpg 300w\" sizes=\"(max-width: 174px) 100vw, 174px\" \/><\/a>El <span style=\"color:#000000;\">Museo de los Caballos del Vino <\/span>de Caravaca de la Cruz fue inaugurado en noviembre del pasado a\u00f1o, se encuentra ubicado en la antigua casa se\u00f1orial de la familia Muso Melgarejo, un edificio barroco que ha sido preciosamente restaurado para albergar la historia y desarrollo de esta fiesta declarada Bien de Inter\u00e9s Cultural Inmaterial y candidata a ser declarada Patrimonio Cultural Inmaterial de la Humanidad por la UNESCO. Est\u00e1 situado en el casco antiguo de nuestra ciudad, a unos pocos pasos de la Plaza que lleva su nombre.<\/p>\n<p><a href=\"https:\/\/turismocaravaca.files.wordpress.com\/2015\/08\/plaza-del-hoyo-1.jpg\"><img loading=\"lazy\" decoding=\"async\" class=\" wp-image-3872\" src=\"https:\/\/turismocaravaca.files.wordpress.com\/2015\/08\/plaza-del-hoyo-1.jpg?w=300\" alt=\"Plaza Caballols del Vino\" width=\"364\" height=\"224\" \/><\/a><\/p>\n<p style=\"text-align:justify;\">En el museo, las piezas que podemos contemplar expuestas muestran la evoluci\u00f3n de los Caballos del Vino a lo largo del siglo XX, desde los sencillos enjaezamientos tradicionales de principios de siglo, a base de colchas de novias y otras prendas dom\u00e9sticas, hasta los extraordinarios bordados del presente. Adem\u00e1s, diversos audiovisuales recogen los momentos m\u00e1s importantes de la Fiesta, transmitiendo su belleza, fuerza y emoci\u00f3n, destacando el dedicado a su momento culminante: la legendaria carrera de los Caballos del Vino.<\/p>\n<p style=\"text-align:justify;\">\n<p><a href=\"https:\/\/turismocaravaca.files.wordpress.com\/2015\/08\/museocaballos06.jpg\"><img loading=\"lazy\" decoding=\"async\" class=\" wp-image-3873\" src=\"https:\/\/turismocaravaca.files.wordpress.com\/2015\/08\/museocaballos06.jpg?w=300\" alt=\"Museo Caballos del Vino\" width=\"281\" height=\"186\" \/><\/a><\/p>\n<p style=\"text-align:justify;\">Un Museo que te invitamos a visitar de martes a domingo en el siguiente horario: martes a s\u00e1bados de 10:00 a 14:00 h. y 16:00 a 19:00 h. y los domingos de 10:00 a 14:00h.<\/p>\n<p style=\"text-align:justify;\">Y si quieres votar por nuestra fiesta los puedes hacer a trav\u00e9s de la web <span style=\"color:#0000ff;\">http:\/\/bit.ly\/fiesta-murcia<\/span> hasta final de mes, recuerda que debes estar registrado en la web y que puedes emitir un voto cada 24 horas.<\/p>\n<p><a href=\"https:\/\/turismocaravaca.files.wordpress.com\/2015\/08\/caballos-del-vino.jpg\"><img loading=\"lazy\" decoding=\"async\" class=\"size-large wp-image-3874\" src=\"https:\/\/turismocaravaca.files.wordpress.com\/2015\/08\/caballos-del-vino.jpg?w=660\" alt=\"Carrera Caballos del Vino\" width=\"660\" height=\"427\" srcset=\"https:\/\/www.turismocaravaca.com\/blog\/wp-content\/uploads\/2015\/08\/caballos-del-vino.jpg 1254w, https:\/\/www.turismocaravaca.com\/blog\/wp-content\/uploads\/2015\/08\/caballos-del-vino-300x194.jpg 300w, https:\/\/www.turismocaravaca.com\/blog\/wp-content\/uploads\/2015\/08\/caballos-del-vino-1024x662.jpg 1024w\" sizes=\"(max-width: 660px) 100vw, 660px\" \/><\/a><\/p>\n","protected":false},"excerpt":{"rendered":"<p>Desde hace unos d\u00edas tenemos constancia, a trav\u00e9s de la redes sociales, que Los Caballos del Vino se han clasificado para la fase final por comunidades aut\u00f3nomas en el concurso de Antena 3 TV sobre \u202a#\u200eLaMejorFiestaDeEspa\u00f1a\u202c, es por ello por lo que hoy quiero hablarte del Museo que alberga este Festejo, ins\u00f3lito y pasional. El [&hellip;]<\/p>\n","protected":false},"author":2,"featured_media":0,"comment_status":"open","ping_status":"open","sticky":false,"template":"","format":"standard","meta":{"footnotes":""},"categories":[2126,34],"tags":[],"class_list":["post-3870","post","type-post","status-publish","format-standard","hentry","category-espanol","category-uncategorized"],"_links":{"self":[{"href":"https:\/\/www.turismocaravaca.com\/blog\/wp-json\/wp\/v2\/posts\/3870"}],"collection":[{"href":"https:\/\/www.turismocaravaca.com\/blog\/wp-json\/wp\/v2\/posts"}],"about":[{"href":"https:\/\/www.turismocaravaca.com\/blog\/wp-json\/wp\/v2\/types\/post"}],"author":[{"embeddable":true,"href":"https:\/\/www.turismocaravaca.com\/blog\/wp-json\/wp\/v2\/users\/2"}],"replies":[{"embeddable":true,"href":"https:\/\/www.turismocaravaca.com\/blog\/wp-json\/wp\/v2\/comments?post=3870"}],"version-history":[{"count":1,"href":"https:\/\/www.turismocaravaca.com\/blog\/wp-json\/wp\/v2\/posts\/3870\/revisions"}],"predecessor-version":[{"id":6476,"href":"https:\/\/www.turismocaravaca.com\/blog\/wp-json\/wp\/v2\/posts\/3870\/revisions\/6476"}],"wp:attachment":[{"href":"https:\/\/www.turismocaravaca.com\/blog\/wp-json\/wp\/v2\/media?parent=3870"}],"wp:term":[{"taxonomy":"category","embeddable":true,"href":"https:\/\/www.turismocaravaca.com\/blog\/wp-json\/wp\/v2\/categories?post=3870"},{"taxonomy":"post_tag","embeddable":true,"href":"https:\/\/www.turismocaravaca.com\/blog\/wp-json\/wp\/v2\/tags?post=3870"}],"curies":[{"name":"wp","href":"https:\/\/api.w.org\/{rel}","templated":true}]}}