{"id":3914,"date":"2015-09-10T13:23:58","date_gmt":"2015-09-10T13:23:58","guid":{"rendered":"https:\/\/turismocaravaca.wordpress.com\/?p=3914"},"modified":"2017-09-04T16:45:37","modified_gmt":"2017-09-04T16:45:37","slug":"festividad-de-la-exaltacion-de-la-santa-cruz","status":"publish","type":"post","link":"https:\/\/www.turismocaravaca.com\/blog\/festividad-de-la-exaltacion-de-la-santa-cruz\/","title":{"rendered":"Festividad de la Exaltaci\u00f3n de la Santa Cruz"},"content":{"rendered":"<p style=\"text-align:justify;\">\u00a0\u00a0\u00a0\u00a0\u00a0\u00a0\u00a0\u00a0\u00a0\u00a0\u00a0\u00a0\u00a0\u00a0\u00a0 El pr\u00f3ximo <strong>lunes d\u00eda 14 de septiembre<\/strong> es uno de los d\u00edas grandes de nuestra patrona, l<strong>a Stma. y Vera Cruz de Caravaca<\/strong>, es la fiesta del triunfo de la Santa Cruz.<\/p>\n<p style=\"text-align:justify;\">\u00a0\u00a0\u00a0\u00a0\u00a0\u00a0\u00a0\u00a0\u00a0\u00a0\u00a0\u00a0\u00a0\u00a0\u00a0\u00a0\u00a0 Como todos los a\u00f1os, tras todos los actos lit\u00fargicos que se est\u00e1n llevando a cabo esta semana con el Quinario, llega el gran d\u00eda de la Exaltaci\u00f3n de la Cruz.<\/p>\n<p style=\"text-align:justify;\">\u00a0\u00a0\u00a0\u00a0\u00a0\u00a0\u00a0\u00a0\u00a0\u00a0\u00a0\u00a0\u00a0\u00a0\u00a0\u00a0\u00a0 Desde aqu\u00ed queremos hacer participes a todos los caravaque\u00f1os y a toda la gente para que puedan disfrutar y colaborar de los actos que suceden durante este d\u00eda tan especial.<a href=\"https:\/\/turismocaravaca.files.wordpress.com\/2015\/09\/copia-de-cartel_quinario.jpg\"><img loading=\"lazy\" decoding=\"async\" class=\"aligncenter  wp-image-3917\" src=\"https:\/\/turismocaravaca.files.wordpress.com\/2015\/09\/copia-de-cartel_quinario.jpg?w=529\" alt=\"Cartel_Quinario_15.indd\" width=\"292\" height=\"407\" \/><\/a><\/p>\n<p><strong>Lunes d\u00eda 14, Festividad de la Exaltaci\u00f3n de la Stma. y Vera Cruz;<\/strong><br \/>\n04:00h.- Alborada de Campanas desde la Parroquia de El Salvador.<br \/>\n07:00h.- Gran Repique de Campanas desde las torres y espada\u00f1as de la ciudad.<br \/>\n08:30h.- Santa Misa por los hermanos cofrades difuntos.<br \/>\nAl finalizar la Eucarist\u00eda la Sagrada Reliquia, quedar\u00e1 en exposici\u00f3n en su Capilla, con turnos de adoraci\u00f3n hasta las 16 horas.<br \/>\n12:00h.- Santa Misa del Peregrino con Adoraci\u00f3n de la Sant\u00edsima y Vera Cruz.<br \/>\n19:00h.- Misa Solemne concelebrada y predicaci\u00f3n, bendici\u00f3n e imposici\u00f3n de cruces a los hermanos cofrades.<br \/>\nA continuaci\u00f3n.- SOLEMNE PROCESI\u00d3N CON LA SAGRADA RELIQUIA BAJO PALIO EN TORNO AL CANAP\u00c9 DE LA BAS\u00cdLICA SANTUARIO Y AL FINALIZAR BENDICI\u00d3N DE LA CIUDAD Y SUS CAMPOS Y DISPARO DE TRONER\u00cdA Y FUEGOS ARTIFICIALES.<\/p>\n<p style=\"text-align:justify;\">Pod\u00e9is consultar el programa del Solemne Quinario<a href=\"http:\/\/www.lacruzdecaravaca.es\/index.php\/es\/component\/content\/article\/107-ultinoticflash\/549-programa-actos-solemne-quinario-\" target=\"_blank\"> aqu\u00ed<\/a><\/p>\n<p style=\"text-align:justify;\">\u00a0\u00a0\u00a0\u00a0\u00a0\u00a0\u00a0\u00a0\u00a0\u00a0\u00a0\u00a0\u00a0\u00a0\u00a0\u00a0 <a href=\"https:\/\/turismocaravaca.files.wordpress.com\/2015\/09\/cruz-de-caravaca-sta-teresa.jpg\"><img loading=\"lazy\" decoding=\"async\" class=\"alignleft  wp-image-3918\" src=\"https:\/\/turismocaravaca.files.wordpress.com\/2015\/09\/cruz-de-caravaca-sta-teresa.jpg\" alt=\"MUPI ABRIL 2015\" width=\"251\" height=\"143\" \/><\/a>Aprovechamos para recordarles que, desde el pasado 16 de julio, y hasta el 9 de octubre de 2015, estar\u00e1 expuesta en la Bas\u00edlica Santuario, la r\u00e9plica de la Cruz de Caravaca que llev\u00f3 Santa Teresa de Jes\u00fas siempre consigo hasta su muerte, tra\u00edda expresamente del Convento de las MM. Carmelitas de Bruselas, con motivo de V Centenario del Nacimiento de Santa Teresa de Jes\u00fas.<\/p>\n","protected":false},"excerpt":{"rendered":"<p>\u00a0\u00a0\u00a0\u00a0\u00a0\u00a0\u00a0\u00a0\u00a0\u00a0\u00a0\u00a0\u00a0\u00a0\u00a0 El pr\u00f3ximo lunes d\u00eda 14 de septiembre es uno de los d\u00edas grandes de nuestra patrona, la Stma. y Vera Cruz de Caravaca, es la fiesta del triunfo de la Santa Cruz. \u00a0\u00a0\u00a0\u00a0\u00a0\u00a0\u00a0\u00a0\u00a0\u00a0\u00a0\u00a0\u00a0\u00a0\u00a0\u00a0\u00a0 Como todos los a\u00f1os, tras todos los actos lit\u00fargicos que se est\u00e1n llevando a cabo esta semana con el Quinario, llega [&hellip;]<\/p>\n","protected":false},"author":2,"featured_media":0,"comment_status":"open","ping_status":"open","sticky":false,"template":"","format":"standard","meta":{"footnotes":""},"categories":[2,6,7,8,2126,21,34],"tags":[294,356,364,683,640,856,857,858,1670,1698,1794,1810,1812,1816,1866,1983,2033],"class_list":["post-3914","post","type-post","status-publish","format-standard","hentry","category-ano-jubilar","category-basilicas","category-bienvenida","category-castillos","category-espanol","category-iglesias","category-uncategorized","tag-blog-turismo-caravaca","tag-caravaca","tag-caravaca-de-la-cruz","tag-dia-de-la-cruz-de-caravaca","tag-dia-de-la-exaltacion-de-la-cruz","tag-exaltacion","tag-exaltacion-cruz-de-caravaca","tag-exaltacion-de-la-cruz","tag-programacion-quinario-2015","tag-quinario-caravaca","tag-sagrada-reliquia","tag-santa-cruz","tag-santa-misa","tag-santa-teresa-de-jesus","tag-solemne-quinario-caravaca","tag-turismo-caravaca","tag-vera-cruz-de-caravaca"],"_links":{"self":[{"href":"https:\/\/www.turismocaravaca.com\/blog\/wp-json\/wp\/v2\/posts\/3914"}],"collection":[{"href":"https:\/\/www.turismocaravaca.com\/blog\/wp-json\/wp\/v2\/posts"}],"about":[{"href":"https:\/\/www.turismocaravaca.com\/blog\/wp-json\/wp\/v2\/types\/post"}],"author":[{"embeddable":true,"href":"https:\/\/www.turismocaravaca.com\/blog\/wp-json\/wp\/v2\/users\/2"}],"replies":[{"embeddable":true,"href":"https:\/\/www.turismocaravaca.com\/blog\/wp-json\/wp\/v2\/comments?post=3914"}],"version-history":[{"count":1,"href":"https:\/\/www.turismocaravaca.com\/blog\/wp-json\/wp\/v2\/posts\/3914\/revisions"}],"predecessor-version":[{"id":6569,"href":"https:\/\/www.turismocaravaca.com\/blog\/wp-json\/wp\/v2\/posts\/3914\/revisions\/6569"}],"wp:attachment":[{"href":"https:\/\/www.turismocaravaca.com\/blog\/wp-json\/wp\/v2\/media?parent=3914"}],"wp:term":[{"taxonomy":"category","embeddable":true,"href":"https:\/\/www.turismocaravaca.com\/blog\/wp-json\/wp\/v2\/categories?post=3914"},{"taxonomy":"post_tag","embeddable":true,"href":"https:\/\/www.turismocaravaca.com\/blog\/wp-json\/wp\/v2\/tags?post=3914"}],"curies":[{"name":"wp","href":"https:\/\/api.w.org\/{rel}","templated":true}]}}