{"id":4125,"date":"2015-12-10T08:26:00","date_gmt":"2015-12-10T08:26:00","guid":{"rendered":"https:\/\/turismocaravaca.wordpress.com\/?p=4125"},"modified":"2017-09-04T16:45:34","modified_gmt":"2017-09-04T16:45:34","slug":"dos-hombres-solos-sin-punto-com-ni-na","status":"publish","type":"post","link":"https:\/\/www.turismocaravaca.com\/blog\/dos-hombres-solos-sin-punto-com-ni-na\/","title":{"rendered":"\u201cDos hombres solos sin punto com ni na\u201d"},"content":{"rendered":"<p style=\"text-align:justify;\">Este <strong>viernes, 11 de diciembre,<\/strong> el <strong>Teatro Thuillier de Caravaca de la Cruz<\/strong> acoge la representaci\u00f3n de la obra <strong>\u201cDos hombres solos sin punto com ni na\u201d<\/strong>, protagonizada por los actores andaluces Javier Vallesp\u00edn y Manolo Medina.<\/p>\n<p style=\"text-align:justify;\"><strong>A partir de las 21:30h.<\/strong> podremos disfrutar con la actitud afeminada de Manolo que realiza las tareas del hogar, criado con seis hermanas y un mayordomo homosexual, y con los intentos de su compa\u00f1ero de piso, Javier, que es quien trabaja y trae el dinero a casa, por ense\u00f1arle a ser un macho ante la mofa que sufren a manos de sus vecinos.<\/p>\n<p style=\"text-align:justify;\">La obra, que se estren\u00f3 por primera vez en 2001, se ha puesto en escena desde entonces de manera ininterrumpida sumando m\u00e1s de 2.000 actuaciones y m\u00e1s de 500.000 espectadores, recorriendo teatros de toda Espa\u00f1a. Las <strong>entradas<\/strong> se pueden adquirir de manera anticipada en Nueva Joyer\u00eda, al precio de 10\u20ac, y en taquilla 12\u20ac.<\/p>\n<p style=\"text-align:justify;\">Javier Vallesp\u00edn y Manolo Medina llegan a Caravaca de la Cruz con la clara intenci\u00f3n de hacernos parar un rato de lo m\u00e1s entretenido, con graciosas an\u00e9cdotas y divertidos comentarios\u2026.<\/p>\n<p style=\"text-align:center;\"><strong>\u00bfTe la vas a perder? Seguro que no&#8230;<\/strong><\/p>\n<p style=\"text-align:justify;\"><img loading=\"lazy\" decoding=\"async\" class=\"alignnone size-full wp-image-4129\" src=\"https:\/\/turismocaravaca.files.wordpress.com\/2015\/12\/dos-hombres-solos-sin-punto-com-21.jpg\" alt=\"dos-hombres-solos-sin-punto-com-2[1]\" width=\"893\" height=\"1339\" srcset=\"https:\/\/www.turismocaravaca.com\/blog\/wp-content\/uploads\/2015\/12\/dos-hombres-solos-sin-punto-com-21.jpg 893w, https:\/\/www.turismocaravaca.com\/blog\/wp-content\/uploads\/2015\/12\/dos-hombres-solos-sin-punto-com-21-200x300.jpg 200w, https:\/\/www.turismocaravaca.com\/blog\/wp-content\/uploads\/2015\/12\/dos-hombres-solos-sin-punto-com-21-683x1024.jpg 683w\" sizes=\"(max-width: 893px) 100vw, 893px\" \/><\/p>\n","protected":false},"excerpt":{"rendered":"<p>Este viernes, 11 de diciembre, el Teatro Thuillier de Caravaca de la Cruz acoge la representaci\u00f3n de la obra \u201cDos hombres solos sin punto com ni na\u201d, protagonizada por los actores andaluces Javier Vallesp\u00edn y Manolo Medina. A partir de las 21:30h. podremos disfrutar con la actitud afeminada de Manolo que realiza las tareas del [&hellip;]<\/p>\n","protected":false},"author":2,"featured_media":0,"comment_status":"open","ping_status":"open","sticky":false,"template":"","format":"standard","meta":{"footnotes":""},"categories":[3,2126,34],"tags":[364,1476,1902,1918,1983],"class_list":["post-4125","post","type-post","status-publish","format-standard","hentry","category-actividades","category-espanol","category-uncategorized","tag-caravaca-de-la-cruz","tag-obras-de-teatro","tag-teatro","tag-teatro-thuillier","tag-turismo-caravaca"],"_links":{"self":[{"href":"https:\/\/www.turismocaravaca.com\/blog\/wp-json\/wp\/v2\/posts\/4125"}],"collection":[{"href":"https:\/\/www.turismocaravaca.com\/blog\/wp-json\/wp\/v2\/posts"}],"about":[{"href":"https:\/\/www.turismocaravaca.com\/blog\/wp-json\/wp\/v2\/types\/post"}],"author":[{"embeddable":true,"href":"https:\/\/www.turismocaravaca.com\/blog\/wp-json\/wp\/v2\/users\/2"}],"replies":[{"embeddable":true,"href":"https:\/\/www.turismocaravaca.com\/blog\/wp-json\/wp\/v2\/comments?post=4125"}],"version-history":[{"count":1,"href":"https:\/\/www.turismocaravaca.com\/blog\/wp-json\/wp\/v2\/posts\/4125\/revisions"}],"predecessor-version":[{"id":6546,"href":"https:\/\/www.turismocaravaca.com\/blog\/wp-json\/wp\/v2\/posts\/4125\/revisions\/6546"}],"wp:attachment":[{"href":"https:\/\/www.turismocaravaca.com\/blog\/wp-json\/wp\/v2\/media?parent=4125"}],"wp:term":[{"taxonomy":"category","embeddable":true,"href":"https:\/\/www.turismocaravaca.com\/blog\/wp-json\/wp\/v2\/categories?post=4125"},{"taxonomy":"post_tag","embeddable":true,"href":"https:\/\/www.turismocaravaca.com\/blog\/wp-json\/wp\/v2\/tags?post=4125"}],"curies":[{"name":"wp","href":"https:\/\/api.w.org\/{rel}","templated":true}]}}