{"id":4170,"date":"2016-01-05T10:12:00","date_gmt":"2016-01-05T10:12:00","guid":{"rendered":"https:\/\/turismocaravaca.wordpress.com\/?p=4170"},"modified":"2017-09-04T16:45:34","modified_gmt":"2017-09-04T16:45:34","slug":"llegan-a-caravaca-de-la-cruz-ss-mm-los-reyes-magos","status":"publish","type":"post","link":"https:\/\/www.turismocaravaca.com\/blog\/llegan-a-caravaca-de-la-cruz-ss-mm-los-reyes-magos\/","title":{"rendered":"Llegan a Caravaca de la Cruz SS.MM. los Reyes Magos"},"content":{"rendered":"<p style=\"text-align:justify;\"><strong>La tradicional Cabalgata de Reyes<\/strong>, que organiza la Concejal\u00eda de Festejos del Ayuntamiento de Caravaca de la Cruz, tomar\u00e1 hoy las calles del centro de la ciudad <strong>a partir de las 19.00 horas.<\/strong><\/p>\n<p style=\"text-align:justify;\"><img loading=\"lazy\" decoding=\"async\" class=\"  wp-image-4176 aligncenter\" src=\"https:\/\/turismocaravaca.files.wordpress.com\/2016\/01\/cartelcabalgatareyes2016.jpg\" alt=\"Imprimir\" width=\"371\" height=\"487\" srcset=\"https:\/\/www.turismocaravaca.com\/blog\/wp-content\/uploads\/2016\/01\/cartelcabalgatareyes2016.jpg 854w, https:\/\/www.turismocaravaca.com\/blog\/wp-content\/uploads\/2016\/01\/cartelcabalgatareyes2016-228x300.jpg 228w, https:\/\/www.turismocaravaca.com\/blog\/wp-content\/uploads\/2016\/01\/cartelcabalgatareyes2016-779x1024.jpg 779w\" sizes=\"(max-width: 371px) 100vw, 371px\" \/><\/p>\n<p style=\"text-align:justify;\">M\u00e1s de 400 personas participar\u00e1n en los diversos espect\u00e1culos programados que estar\u00e1n coordinados por la Asociaci\u00f3n de Artesanos \u2018La Corredera\u2019.<\/p>\n<p style=\"text-align:justify;\">Formar\u00e1n parte del cortejo, diversas actuaciones musicales y teatralizadas, as\u00ed como seis carrozas, entre ellas una dedicada a la pel\u00edcula de animaci\u00f3n \u201cFrozen\u2019 y otra al barco pirata de Peter Pan.<\/p>\n<p style=\"text-align:justify;\"><img loading=\"lazy\" decoding=\"async\" class=\"alignnone size-full wp-image-4180\" src=\"https:\/\/turismocaravaca.files.wordpress.com\/2016\/01\/cabalgatafotoarchivo.jpg\" alt=\"Cabalgata(FotoArchivo)\" width=\"1600\" height=\"1061\" srcset=\"https:\/\/www.turismocaravaca.com\/blog\/wp-content\/uploads\/2016\/01\/cabalgatafotoarchivo.jpg 1600w, https:\/\/www.turismocaravaca.com\/blog\/wp-content\/uploads\/2016\/01\/cabalgatafotoarchivo-300x199.jpg 300w, https:\/\/www.turismocaravaca.com\/blog\/wp-content\/uploads\/2016\/01\/cabalgatafotoarchivo-1024x679.jpg 1024w\" sizes=\"(max-width: 1600px) 100vw, 1600px\" \/><\/p>\n<p style=\"text-align:justify;\">La Cabalgata recorrer\u00e1 las calles Almazarica, Almer\u00eda, Gran V\u00eda y Puentecilla, para finalizar en la Plaza del Arco. Concluido el recorrido, Melchor, Gaspar y Baltasar visitar\u00e1n la parroquia de El Salvador para adorar al Ni\u00f1o Jes\u00fas y, posteriormente, dedicar\u00e1n unas palabras a todos los ni\u00f1os desde el balc\u00f3n del Ayuntamiento y saludar personalmente a todo aqu\u00e9l que lo desee en el Sal\u00f3n de Plenos.<\/p>\n<p style=\"text-align:center;\"><strong>\u00bfHab\u00e9is sido buenos?<\/strong><\/p>\n<p style=\"text-align:justify;\">\n","protected":false},"excerpt":{"rendered":"<p>La tradicional Cabalgata de Reyes, que organiza la Concejal\u00eda de Festejos del Ayuntamiento de Caravaca de la Cruz, tomar\u00e1 hoy las calles del centro de la ciudad a partir de las 19.00 horas. M\u00e1s de 400 personas participar\u00e1n en los diversos espect\u00e1culos programados que estar\u00e1n coordinados por la Asociaci\u00f3n de Artesanos \u2018La Corredera\u2019. Formar\u00e1n parte [&hellip;]<\/p>\n","protected":false},"author":2,"featured_media":0,"comment_status":"open","ping_status":"open","sticky":false,"template":"","format":"standard","meta":{"footnotes":""},"categories":[2126,34],"tags":[],"class_list":["post-4170","post","type-post","status-publish","format-standard","hentry","category-espanol","category-uncategorized"],"_links":{"self":[{"href":"https:\/\/www.turismocaravaca.com\/blog\/wp-json\/wp\/v2\/posts\/4170"}],"collection":[{"href":"https:\/\/www.turismocaravaca.com\/blog\/wp-json\/wp\/v2\/posts"}],"about":[{"href":"https:\/\/www.turismocaravaca.com\/blog\/wp-json\/wp\/v2\/types\/post"}],"author":[{"embeddable":true,"href":"https:\/\/www.turismocaravaca.com\/blog\/wp-json\/wp\/v2\/users\/2"}],"replies":[{"embeddable":true,"href":"https:\/\/www.turismocaravaca.com\/blog\/wp-json\/wp\/v2\/comments?post=4170"}],"version-history":[{"count":1,"href":"https:\/\/www.turismocaravaca.com\/blog\/wp-json\/wp\/v2\/posts\/4170\/revisions"}],"predecessor-version":[{"id":6543,"href":"https:\/\/www.turismocaravaca.com\/blog\/wp-json\/wp\/v2\/posts\/4170\/revisions\/6543"}],"wp:attachment":[{"href":"https:\/\/www.turismocaravaca.com\/blog\/wp-json\/wp\/v2\/media?parent=4170"}],"wp:term":[{"taxonomy":"category","embeddable":true,"href":"https:\/\/www.turismocaravaca.com\/blog\/wp-json\/wp\/v2\/categories?post=4170"},{"taxonomy":"post_tag","embeddable":true,"href":"https:\/\/www.turismocaravaca.com\/blog\/wp-json\/wp\/v2\/tags?post=4170"}],"curies":[{"name":"wp","href":"https:\/\/api.w.org\/{rel}","templated":true}]}}