{"id":4321,"date":"2016-02-12T12:54:53","date_gmt":"2016-02-12T12:54:53","guid":{"rendered":"https:\/\/turismocaravaca.wordpress.com\/?p=4321"},"modified":"2017-09-04T16:45:33","modified_gmt":"2017-09-04T16:45:33","slug":"actuacion-de-mediterranean-wind-ensemble","status":"publish","type":"post","link":"https:\/\/www.turismocaravaca.com\/blog\/actuacion-de-mediterranean-wind-ensemble\/","title":{"rendered":"Actuaci\u00f3n de \u2018Mediterranean Wind Ensemble\u2019"},"content":{"rendered":"<p style=\"text-align:justify;\">Este pr\u00f3ximo <strong>domingo, 14 de febrero<\/strong>, a las 19.00 horas, en la <strong>sacrist\u00eda de la antigua Compa\u00f1\u00eda de Jes\u00fas<\/strong>, y con entrada libre, los j\u00f3venes de la Regi\u00f3n de Murcia y Alicante que forman parte del\u00a0 quinteto de viento <strong>\u2018Mediterranean Wind Ensemble\u2019\u00a0<\/strong> interpretar\u00e1n obras de Ravel, Ibert y Ligeti.<\/p>\n<p style=\"text-align:justify;\">El grupo, de reciente creaci\u00f3n est\u00e1 formado por M\u00aa \u00c1ngeles Mar\u00edn Mart\u00ednez-Abarca (flauta), Marta Perales Mora (oboe), M\u00aa Carmen Rocamora P\u00e9rez (clarinete), Azucena M\u00edas R\u00edos (fagot) y Alma Garc\u00eda Gil (trompa), componentes que comparten la inquietud y el gusto por la m\u00fasica de c\u00e1mara.<\/p>\n<p style=\"text-align:justify;\">Su primera actuaci\u00f3n fue en el VIII Concurso de M\u00fasica de C\u00e1mara \u201cVilla de Cox\u201d, en el que se alzaron con el segundo premio y desde entonces han colaborado con diversas orquestas sinf\u00f3nicas, como las de la Regi\u00f3n de Murcia, Ciudad de Elche, Ciudad de Granada, as\u00ed como las orquestas de j\u00f3venes de la Regi\u00f3n de Murcia y de Alicante, entre otras.<\/p>\n<p><img loading=\"lazy\" decoding=\"async\" class=\"alignnone size-full wp-image-4334\" src=\"https:\/\/turismocaravaca.files.wordpress.com\/2016\/02\/cartel-concierto-mediterranean-wind-ensemble-caravaca-14-febrero-2016.jpg\" alt=\"Cartel Concierto Mediterranean Wind Ensemble (Caravaca,  14 febrero 2016)\" width=\"1754\" height=\"1240\" srcset=\"https:\/\/www.turismocaravaca.com\/blog\/wp-content\/uploads\/2016\/02\/cartel-concierto-mediterranean-wind-ensemble-caravaca-14-febrero-2016.jpg 1754w, https:\/\/www.turismocaravaca.com\/blog\/wp-content\/uploads\/2016\/02\/cartel-concierto-mediterranean-wind-ensemble-caravaca-14-febrero-2016-300x212.jpg 300w, https:\/\/www.turismocaravaca.com\/blog\/wp-content\/uploads\/2016\/02\/cartel-concierto-mediterranean-wind-ensemble-caravaca-14-febrero-2016-1024x724.jpg 1024w\" sizes=\"(max-width: 1754px) 100vw, 1754px\" \/><\/p>\n<p style=\"text-align:justify;\">\n","protected":false},"excerpt":{"rendered":"<p>Este pr\u00f3ximo domingo, 14 de febrero, a las 19.00 horas, en la sacrist\u00eda de la antigua Compa\u00f1\u00eda de Jes\u00fas, y con entrada libre, los j\u00f3venes de la Regi\u00f3n de Murcia y Alicante que forman parte del\u00a0 quinteto de viento \u2018Mediterranean Wind Ensemble\u2019\u00a0 interpretar\u00e1n obras de Ravel, Ibert y Ligeti. El grupo, de reciente creaci\u00f3n est\u00e1 [&hellip;]<\/p>\n","protected":false},"author":2,"featured_media":0,"comment_status":"open","ping_status":"open","sticky":false,"template":"","format":"standard","meta":{"footnotes":""},"categories":[2126,34],"tags":[],"class_list":["post-4321","post","type-post","status-publish","format-standard","hentry","category-espanol","category-uncategorized"],"_links":{"self":[{"href":"https:\/\/www.turismocaravaca.com\/blog\/wp-json\/wp\/v2\/posts\/4321"}],"collection":[{"href":"https:\/\/www.turismocaravaca.com\/blog\/wp-json\/wp\/v2\/posts"}],"about":[{"href":"https:\/\/www.turismocaravaca.com\/blog\/wp-json\/wp\/v2\/types\/post"}],"author":[{"embeddable":true,"href":"https:\/\/www.turismocaravaca.com\/blog\/wp-json\/wp\/v2\/users\/2"}],"replies":[{"embeddable":true,"href":"https:\/\/www.turismocaravaca.com\/blog\/wp-json\/wp\/v2\/comments?post=4321"}],"version-history":[{"count":1,"href":"https:\/\/www.turismocaravaca.com\/blog\/wp-json\/wp\/v2\/posts\/4321\/revisions"}],"predecessor-version":[{"id":6536,"href":"https:\/\/www.turismocaravaca.com\/blog\/wp-json\/wp\/v2\/posts\/4321\/revisions\/6536"}],"wp:attachment":[{"href":"https:\/\/www.turismocaravaca.com\/blog\/wp-json\/wp\/v2\/media?parent=4321"}],"wp:term":[{"taxonomy":"category","embeddable":true,"href":"https:\/\/www.turismocaravaca.com\/blog\/wp-json\/wp\/v2\/categories?post=4321"},{"taxonomy":"post_tag","embeddable":true,"href":"https:\/\/www.turismocaravaca.com\/blog\/wp-json\/wp\/v2\/tags?post=4321"}],"curies":[{"name":"wp","href":"https:\/\/api.w.org\/{rel}","templated":true}]}}