{"id":4480,"date":"2016-02-26T17:06:20","date_gmt":"2016-02-26T17:06:20","guid":{"rendered":"https:\/\/turismocaravaca.wordpress.com\/?p=4480"},"modified":"2017-09-04T16:45:33","modified_gmt":"2017-09-04T16:45:33","slug":"programacion-fin-de-semana-2627-y-28-de-febrero","status":"publish","type":"post","link":"https:\/\/www.turismocaravaca.com\/blog\/programacion-fin-de-semana-2627-y-28-de-febrero\/","title":{"rendered":"PROGRAMACI\u00d3N FIN DE SEMANA  26,27 Y 28 DE FEBRERO."},"content":{"rendered":"<p><span style=\"text-decoration:underline;\"><strong>VIERNES 26 DE FEBRERO.<\/strong><\/span><\/p>\n<ul>\n<li>19:00 h. Descubrimiento de una placa en honor y agradecimiento al caravaque\u00f1o <strong>Gregorio S\u00e1nchez Romero<\/strong>. En la <em>Avenida de Los Andenes.<\/em><\/li>\n<\/ul>\n<p>https:\/\/www.facebook.com\/margaritadelcamino\/photos\/a.343875835704126.81193.343522425739467\/959500567474980\/?type=3&#038;theater<\/p>\n<p>&nbsp;<\/p>\n<ul>\n<li>20:30h.<strong> Jornadas Culturales<\/strong> de la compa\u00f1\u00eda de <strong>\u00abArmaos\u00bb<\/strong> de la Sant\u00edsima y Vera Cruz de Caravaca.<\/li>\n<\/ul>\n<p>https:\/\/www.facebook.com\/margaritadelcamino\/photos\/a.343875835704126.81193.343522425739467\/959507337474303\/?type=3&#038;theater<\/p>\n<p>&nbsp;<\/p>\n<p><span style=\"text-decoration:underline;\"><strong>S\u00c1BADO 27 DE FEBRERO.<\/strong><\/span><\/p>\n<ul>\n<li>13:30 h. Descubrimiento de una placa conmemorativa a raz\u00f3n del 40 aniversario de la fundaci\u00f3n de la <strong>Pe\u00f1a Caballista Terry. <\/strong>Dicho acto tendr\u00e1 lugar en la<em> Plaza de los Caballos del Vino o \u00abdel Hoyo\u00bb.<\/em><\/li>\n<li>21:00 h.<strong> Gala Ben\u00e9fica<\/strong> organizada por la Asociaci\u00f3n Juvenil \u00abSal fuera\u00bb para recaudar fondos destinados a la peregrinaci\u00f3n de las <strong>Jornadas Mundiales de la Juventud Cracovia 2016.<\/strong> El lugar de este evento ser\u00e1 en lo<strong>s Salones Castillo de la Cruz.<\/strong><\/li>\n<li>21:30 h. <strong>Gala Flamenca Ben\u00e9fica<\/strong> organizada por la asociaci\u00f3n de Amigos de Baile de sal\u00f3n<strong> (Amibasa)<\/strong> a favor de las Monjas Claras de Caravaca. Donde la bailaora<strong> Samara Fern\u00e1ndez<\/strong> presentar\u00e1 su espect\u00e1culo <strong>\u00abDe Raiz\u00bb<\/strong>. Tendr\u00e1 lugar en el <em>Thuillier<\/em>.<\/li>\n<\/ul>\n<p>&nbsp;<\/p>\n<p><span style=\"text-decoration:underline;\"><strong>DOMINGO 28 DE FEBRERO.<\/strong><\/span><\/p>\n<ul>\n<li><strong>\u00abIron Cross Barranda\u00bb<br \/>\n<\/strong><\/li>\n<\/ul>\n<p>https:\/\/www.facebook.com\/margaritadelcamino\/photos\/a.343875835704126.81193.343522425739467\/959520524139651\/?type=3&#038;theater<\/p>\n<ul>\n<li>10:30 h. <strong>Jornada de Conservaci\u00f3n del Cern\u00edcalo Primilla.<\/strong> Punto de encuentro Venta Cavila\/ desarrollo de la actividad: paraje \u00abCasas del campo de Caravaca\u00bb) (Se recuerda que se requiere<strong> inscripci\u00f3n previa\u00a0<\/strong>a trav\u00e9s de la p\u00e1gina en Facebook \u00abCaralluma. Asociaci\u00f3n par la Defensa de la Naturaleza\u00bb).<\/li>\n<li>12:00 h.<strong> Gran Gala M\u00e1gica<\/strong> con la participaci\u00f3n de \u00abMago Marti\u00bb y \u00abMariano y punto &amp; Enya\u00bb. Teatro <em><strong>Thuillier<\/strong><\/em>.<strong> Entrada 4\u20ac.<\/strong><\/li>\n<li>19:00 Estreno de<strong> \u00abVeritas Vincit\u00bb<\/strong> en el teatro <em>Thuiller<\/em>. Cortometraje sobre la marcha de los Templarios del Reino de Murcia. Gui\u00f3n y direcci\u00f3n de la mano del ceheginero <strong>Jes\u00fas Garc\u00eda P\u00e9rez<\/strong>. Estar\u00e1 precedida por un entrem\u00e9s de<strong> \u00abRon Lal\u00e1 Teatro\u00bb<\/strong>, que fusiona las artes del teatro y el cine. (comprar <strong>entrada en Nueva Joyer\u00eda\u00a0 precio 1\u20ac<\/strong>)<\/li>\n<\/ul>\n<p><img loading=\"lazy\" decoding=\"async\" class=\"alignnone  wp-image-4566\" src=\"https:\/\/turismocaravaca.files.wordpress.com\/2016\/02\/veritas-vincit.jpg\" alt=\"veritas vincit\" width=\"478\" height=\"635\" srcset=\"https:\/\/www.turismocaravaca.com\/blog\/wp-content\/uploads\/2016\/02\/veritas-vincit.jpg 723w, https:\/\/www.turismocaravaca.com\/blog\/wp-content\/uploads\/2016\/02\/veritas-vincit-226x300.jpg 226w\" sizes=\"(max-width: 478px) 100vw, 478px\" \/><\/p>\n<p><strong>\u00a0\u00a1\u00a1\u00a1Os deseamos un feliz y entretenido Fin de Semana!!!<\/strong><\/p>\n","protected":false},"excerpt":{"rendered":"<p>VIERNES 26 DE FEBRERO. 19:00 h. Descubrimiento de una placa en honor y agradecimiento al caravaque\u00f1o Gregorio S\u00e1nchez Romero. En la Avenida de Los Andenes. https:\/\/www.facebook.com\/margaritadelcamino\/photos\/a.343875835704126.81193.343522425739467\/959500567474980\/?type=3&#038;theater &nbsp; 20:30h. Jornadas Culturales de la compa\u00f1\u00eda de \u00abArmaos\u00bb de la Sant\u00edsima y Vera Cruz de Caravaca. https:\/\/www.facebook.com\/margaritadelcamino\/photos\/a.343875835704126.81193.343522425739467\/959507337474303\/?type=3&#038;theater &nbsp; S\u00c1BADO 27 DE FEBRERO. 13:30 h. Descubrimiento de una placa [&hellip;]<\/p>\n","protected":false},"author":2,"featured_media":0,"comment_status":"open","ping_status":"open","sticky":false,"template":"","format":"standard","meta":{"footnotes":""},"categories":[2126,14,34],"tags":[],"class_list":["post-4480","post","type-post","status-publish","format-standard","hentry","category-espanol","category-eventos","category-uncategorized"],"_links":{"self":[{"href":"https:\/\/www.turismocaravaca.com\/blog\/wp-json\/wp\/v2\/posts\/4480"}],"collection":[{"href":"https:\/\/www.turismocaravaca.com\/blog\/wp-json\/wp\/v2\/posts"}],"about":[{"href":"https:\/\/www.turismocaravaca.com\/blog\/wp-json\/wp\/v2\/types\/post"}],"author":[{"embeddable":true,"href":"https:\/\/www.turismocaravaca.com\/blog\/wp-json\/wp\/v2\/users\/2"}],"replies":[{"embeddable":true,"href":"https:\/\/www.turismocaravaca.com\/blog\/wp-json\/wp\/v2\/comments?post=4480"}],"version-history":[{"count":1,"href":"https:\/\/www.turismocaravaca.com\/blog\/wp-json\/wp\/v2\/posts\/4480\/revisions"}],"predecessor-version":[{"id":6533,"href":"https:\/\/www.turismocaravaca.com\/blog\/wp-json\/wp\/v2\/posts\/4480\/revisions\/6533"}],"wp:attachment":[{"href":"https:\/\/www.turismocaravaca.com\/blog\/wp-json\/wp\/v2\/media?parent=4480"}],"wp:term":[{"taxonomy":"category","embeddable":true,"href":"https:\/\/www.turismocaravaca.com\/blog\/wp-json\/wp\/v2\/categories?post=4480"},{"taxonomy":"post_tag","embeddable":true,"href":"https:\/\/www.turismocaravaca.com\/blog\/wp-json\/wp\/v2\/tags?post=4480"}],"curies":[{"name":"wp","href":"https:\/\/api.w.org\/{rel}","templated":true}]}}