{"id":4621,"date":"2016-03-02T16:28:18","date_gmt":"2016-03-02T16:28:18","guid":{"rendered":"https:\/\/turismocaravaca.wordpress.com\/?p=4621"},"modified":"2017-09-04T16:45:33","modified_gmt":"2017-09-04T16:45:33","slug":"manana-3-de-marzo-concierto-en-el-thuillier","status":"publish","type":"post","link":"https:\/\/www.turismocaravaca.com\/blog\/manana-3-de-marzo-concierto-en-el-thuillier\/","title":{"rendered":"Ma\u00f1ana, 3 de marzo, Concierto en el Thuillier"},"content":{"rendered":"<p>Ma\u00f1ana, jueves 3 de marzo, a las 19.30 h., en el teatro Thuillier, concierto de la Banda de M\u00fasica de la Escuela de M\u00fasica y Conservatorio.Espara<\/p>\n<p>Esperamos que disfrut\u00e9is con esta actividad que tanto bien reporta. <img loading=\"lazy\" decoding=\"async\" class=\"alignnone size-full wp-image-4601\" src=\"https:\/\/turismocaravaca.files.wordpress.com\/2016\/03\/concierto-banda-conservatorio-3marzo.jpg\" alt=\"concierto banda conservatorio-3MArzo\" width=\"3508\" height=\"2480\" srcset=\"https:\/\/www.turismocaravaca.com\/blog\/wp-content\/uploads\/2016\/03\/concierto-banda-conservatorio-3marzo.jpg 3508w, https:\/\/www.turismocaravaca.com\/blog\/wp-content\/uploads\/2016\/03\/concierto-banda-conservatorio-3marzo-300x212.jpg 300w, https:\/\/www.turismocaravaca.com\/blog\/wp-content\/uploads\/2016\/03\/concierto-banda-conservatorio-3marzo-1024x724.jpg 1024w\" sizes=\"(max-width: 3508px) 100vw, 3508px\" \/><\/p>\n","protected":false},"excerpt":{"rendered":"<p>Ma\u00f1ana, jueves 3 de marzo, a las 19.30 h., en el teatro Thuillier, concierto de la Banda de M\u00fasica de la Escuela de M\u00fasica y Conservatorio.Espara Esperamos que disfrut\u00e9is con esta actividad que tanto bien reporta.<\/p>\n","protected":false},"author":2,"featured_media":0,"comment_status":"open","ping_status":"open","sticky":false,"template":"","format":"standard","meta":{"footnotes":""},"categories":[2126,34],"tags":[],"class_list":["post-4621","post","type-post","status-publish","format-standard","hentry","category-espanol","category-uncategorized"],"_links":{"self":[{"href":"https:\/\/www.turismocaravaca.com\/blog\/wp-json\/wp\/v2\/posts\/4621"}],"collection":[{"href":"https:\/\/www.turismocaravaca.com\/blog\/wp-json\/wp\/v2\/posts"}],"about":[{"href":"https:\/\/www.turismocaravaca.com\/blog\/wp-json\/wp\/v2\/types\/post"}],"author":[{"embeddable":true,"href":"https:\/\/www.turismocaravaca.com\/blog\/wp-json\/wp\/v2\/users\/2"}],"replies":[{"embeddable":true,"href":"https:\/\/www.turismocaravaca.com\/blog\/wp-json\/wp\/v2\/comments?post=4621"}],"version-history":[{"count":1,"href":"https:\/\/www.turismocaravaca.com\/blog\/wp-json\/wp\/v2\/posts\/4621\/revisions"}],"predecessor-version":[{"id":6530,"href":"https:\/\/www.turismocaravaca.com\/blog\/wp-json\/wp\/v2\/posts\/4621\/revisions\/6530"}],"wp:attachment":[{"href":"https:\/\/www.turismocaravaca.com\/blog\/wp-json\/wp\/v2\/media?parent=4621"}],"wp:term":[{"taxonomy":"category","embeddable":true,"href":"https:\/\/www.turismocaravaca.com\/blog\/wp-json\/wp\/v2\/categories?post=4621"},{"taxonomy":"post_tag","embeddable":true,"href":"https:\/\/www.turismocaravaca.com\/blog\/wp-json\/wp\/v2\/tags?post=4621"}],"curies":[{"name":"wp","href":"https:\/\/api.w.org\/{rel}","templated":true}]}}